{"id":9331,"date":"2013-02-03T13:09:45","date_gmt":"2013-02-03T18:09:45","guid":{"rendered":"http:\/\/www.ambiente.gob.ec\/?p=9331"},"modified":"2013-02-07T16:16:21","modified_gmt":"2013-02-07T21:16:21","slug":"ecuador-es-el-tercer-pais-de-la-region-que-mas-invierte-en-areas-protegidas-video","status":"publish","type":"post","link":"https:\/\/www.ambienteyenergia.gob.ec\/ambiente\/ecuador-es-el-tercer-pais-de-la-region-que-mas-invierte-en-areas-protegidas-video\/","title":{"rendered":"Ecuador es el tercer pa\u00eds de la regi\u00f3n que m\u00e1s invierte en \u00e1reas protegidas (VIDEO)"},"content":{"rendered":"<p style=\"text-align: justify;\">El Ecuador toma en serio la protecci\u00f3n sus \u00e1reas protegidas. Eso qued\u00f3 en evidencia luego del di\u00e1logo con la Ministra de Ambiente, Lorena Tapia, quien convers\u00f3 con el Ciudadano TV sobre la gesti\u00f3n de esa Cartera de Estado.<\/p>\n<p style=\"text-align: justify;\">El 20 por ciento del territorio nacional es un \u00e1rea protegida y el Ecuador es el tercer pa\u00eds de la regi\u00f3n que m\u00e1s invierte en el cuidado de ese patrimonio. Para fortalecer ese trabaj\u00f3 el Ministerio consolid\u00f3 su labor en todo el pa\u00eds.<\/p>\n<p style=\"text-align: justify;\">Primero lo hizo su institucionalmente, creando representaciones en todas las provincias, luego gener\u00f3 un sistema de gesti\u00f3n que busca contar con registros sobre las \u00e1reas protegidas e indicadores exactos de actividades como la petrolera, minera o de desechos s\u00f3lidos. Y el tercero paso fue trabajar con la ciudadan\u00eda para que todos se empoderen en el cuidado de la naturaleza.<\/p>\n<p style=\"text-align: justify;\">Un ejemplo de esa labor es el Programa de Reparaci\u00f3n Ambiental y Social (Pras), el cual tiene el objetivo de usar estos indicadores para verificar si existi\u00f3 alg\u00fan tipo de da\u00f1o ambiental o llamado pasivos. Luego, impulsar la reparaci\u00f3n de esa afectaci\u00f3n. \u201cEl principio es el que contamina paga\u201d, sostuvo la ministra Tapia.<\/p>\n<p style=\"text-align: justify;\">Este momento, se aplican indicadores para las actividades petroleras, pero se seguir\u00e1n con las mineras y de desechos s\u00f3lidos. La intenci\u00f3n, explic\u00f3 la Ministra, es que los responsables de los da\u00f1os tengan que pagar una reparaci\u00f3n integral. Es decir, no solo pensando en la conservaci\u00f3n de la naturaleza sino tambi\u00e9n en las personas.<\/p>\n<p style=\"text-align: justify;\">El tercer eje de la Cartera de Ambiente es justamente impulsar que todos los ecuatorianos seamos protectores del ambiente. El Ecuador registra el primer mill\u00f3n 116 mil hect\u00e1reas de bosques y p\u00e1ramos nativos conservados.<\/p>\n<p style=\"text-align: justify;\">En esta misma \u00e1rea est\u00e1 el trabajo con los municipios y otros gobiernos locales para emprender una campa\u00f1a para terminar con los botaderos de basura y mantener una pol\u00edtica de manejo de los desechos s\u00f3lidos. Actualmente, 57 cabildos han entrado a esta regulaci\u00f3n para recibir asesor\u00eda y el apoyo para terminar con este problema ambiental.<\/p>\n<p style=\"text-align: justify;\">Tapia tambi\u00e9n sostuvo que el Ministerio tendr\u00e1 un rol fundamental para los proyectos mineros que se impulsan desde el Gobierno. Esta Cartera de Estado ser\u00e1 la encargada se\u00f1alar las responsabilidades que deber\u00e1n cumplir las empresas antes, durante y luego de la explotaci\u00f3n. Adicionalmente, har\u00e1 un monitoreo permanente y un control riguroso, para que los ecuatorianos conf\u00eden que se cuidar\u00e1 el patrimonio ambiental.<\/p>\n<p style=\"text-align: justify;\">Fuente: CIT \/El Ciudadano<\/p>\n<p style=\"text-align: justify;\">Video:<\/p>\n<p><iframe loading=\"lazy\" src=\"http:\/\/www.youtube.com\/embed\/P-Z2f3KDD2w\" frameborder=\"0\" width=\"560\" height=\"315\"><\/iframe><\/p>\n","protected":false},"excerpt":{"rendered":"<p class=\"excerpt\">El Ecuador toma en serio la protecci\u00f3n sus \u00e1reas protegidas. Eso qued\u00f3 en evidencia luego del di\u00e1logo con la Ministra de Ambiente, Lorena Tapia, quien convers\u00f3 con el Ciudadano TV sobre la gesti\u00f3n de esa Cartera de Estado. El 20 por ciento del territorio nacional es un \u00e1rea protegida y el Ecuador es el tercer pa\u00eds de la regi\u00f3n que&hellip; <a href=\"https:\/\/www.ambienteyenergia.gob.ec\/ambiente\/ecuador-es-el-tercer-pais-de-la-region-que-mas-invierte-en-areas-protegidas-video\/\">Read more &rarr;<\/a><\/p>\n","protected":false},"author":13,"featured_media":9336,"comment_status":"open","ping_status":"open","sticky":false,"template":"","format":"standard","meta":{"footnotes":""},"categories":[16,4],"tags":[],"class_list":["post-9331","post","type-post","status-publish","format-standard","has-post-thumbnail","hentry","category-comunicamos","category-noticias","xfolkentry"],"_links":{"self":[{"href":"https:\/\/www.ambienteyenergia.gob.ec\/ambiente\/wp-json\/wp\/v2\/posts\/9331","targetHints":{"allow":["GET"]}}],"collection":[{"href":"https:\/\/www.ambienteyenergia.gob.ec\/ambiente\/wp-json\/wp\/v2\/posts"}],"about":[{"href":"https:\/\/www.ambienteyenergia.gob.ec\/ambiente\/wp-json\/wp\/v2\/types\/post"}],"author":[{"embeddable":true,"href":"https:\/\/www.ambienteyenergia.gob.ec\/ambiente\/wp-json\/wp\/v2\/users\/13"}],"replies":[{"embeddable":true,"href":"https:\/\/www.ambienteyenergia.gob.ec\/ambiente\/wp-json\/wp\/v2\/comments?post=9331"}],"version-history":[{"count":0,"href":"https:\/\/www.ambienteyenergia.gob.ec\/ambiente\/wp-json\/wp\/v2\/posts\/9331\/revisions"}],"wp:featuredmedia":[{"embeddable":true,"href":"https:\/\/www.ambienteyenergia.gob.ec\/ambiente\/wp-json\/wp\/v2\/media\/9336"}],"wp:attachment":[{"href":"https:\/\/www.ambienteyenergia.gob.ec\/ambiente\/wp-json\/wp\/v2\/media?parent=9331"}],"wp:term":[{"taxonomy":"category","embeddable":true,"href":"https:\/\/www.ambienteyenergia.gob.ec\/ambiente\/wp-json\/wp\/v2\/categories?post=9331"},{"taxonomy":"post_tag","embeddable":true,"href":"https:\/\/www.ambienteyenergia.gob.ec\/ambiente\/wp-json\/wp\/v2\/tags?post=9331"}],"curies":[{"name":"wp","href":"https:\/\/api.w.org\/{rel}","templated":true}]}}