{"id":9189,"date":"2013-02-01T14:20:21","date_gmt":"2013-02-01T19:20:21","guid":{"rendered":"http:\/\/www.ambiente.gob.ec\/?p=9189"},"modified":"2013-02-01T14:28:21","modified_gmt":"2013-02-01T19:28:21","slug":"una-denuncia-del-mae-motivo-el-operativo-en-sig-sig","status":"publish","type":"post","link":"https:\/\/www.ambienteyenergia.gob.ec\/ambiente\/una-denuncia-del-mae-motivo-el-operativo-en-sig-sig\/","title":{"rendered":"Una denuncia del MAE motiv\u00f3 el operativo en Sig-Sig"},"content":{"rendered":"<p style=\"text-align: justify;\">El Ministerio del Ambiente (MAE), junto a otras entidades que participaron en el operativo Ayll\u00f3n 3, como parte del Comando Estrat\u00e9gico Conjunto de Seguridad Ciudadana, se pronunciaron hoy (viernes) en la Gobernaci\u00f3n del Azuay para informar sobre los resultados de la incursi\u00f3n realizada en la parroquia Sig-Sig, provincia del Azuay, el 30 de enero pasado.<\/p>\n<p style=\"text-align: justify;\">Esa madrugada 235 polic\u00edas y 105 miembros de las Fuerzas Armadas, junto a funcionarios del MAE, la Agencia de Regulaci\u00f3n y Control Minero (ARCOM) y la Fiscal\u00eda llegaron a bordo de tres helic\u00f3pteros a una zona de dif\u00edcil acceso, ubicada en el Bosque Protector de la Cuenca del R\u00edo Paute. Desde ah\u00ed, seg\u00fan V\u00edctor Hugo Gangotena, general de Distrito de la Polic\u00eda Nacional, caminaron por cinco horas hasta llegar a una zona afectada por la miner\u00eda aur\u00edfera aluvial en donde hallaron evidencia de actividades ilegales, lograron inhabilitar cinco campamentos y detuvieron a 41 personas, 21 ecuatorianos y 20 colombianos.<\/p>\n<p style=\"text-align: justify;\">Gustavo Mosquera, Gerente del Programa de Reparaci\u00f3n Ambiental y Social (PRAS), aclar\u00f3 que el operativo fue motivado por la denuncia del MAE sobre actividades de miner\u00eda ilegal dentro de un \u00e1rea protegida, lo que configurar\u00eda un presunto delito ambiental.<\/p>\n<p style=\"text-align: justify;\">La acci\u00f3n se sustenta en el Art. 437 h del C\u00f3digo Penal que indica: \u201cEl que destruya, queme, da\u00f1e o tale, en todo o en parte, bosques u otras formaciones vegetales, naturales o cultivadas, que est\u00e9n legalmente protegidas, ser\u00e1 reprimido con prisi\u00f3n de 1 a 3 a\u00f1os, siempre que el hecho no constituya un delito m\u00e1s grave\u201d.<\/p>\n<p style=\"text-align: justify;\">El lugar identificado se encuentra en el Bosque Protector de la Cuenca del R\u00edo Paute, declarado as\u00ed por acuerdo Ministerial No. 292 del Ministerio de Agricultura y publicado en el Registro Oficial Suplemento No. 255, del 22 de agosto de 1985. Incluye 15 \u00e1reas localizadas en el interior de la cuenca del r\u00edo Paute, que comprenden una superficie total de 195.161 hect\u00e1reas. La zona en la que se intervino se localiza en el \u00e1rea 3, que corresponde a las microcuencas de los r\u00edos Sh\u00edo y Santa B\u00e1rbara, subcuenca del r\u00edo Gualaceo, que constituyen una superficie aproximada de 13.384 hect\u00e1reas.<\/p>\n<p style=\"text-align: justify;\">Humberto Cordero, Gobernador de Azuay, aclar\u00f3 que este no es un caso aislado y que \u201clos operativos de este tipo obedecen a una pol\u00edtica p\u00fablica del Gobierno que consiste en trabajar coordinadamente, protegiendo a la naturaleza y respetando los derechos humanos\u201d.<\/p>\n<p style=\"text-align: justify;\">Jaime Jarr\u00edn, Director Ejecutivo de ARCOM, reiter\u00f3 la postura del Gobierno con respecto a la miner\u00eda ilegal \u201cle decimos no a la ilegalidad. Por eso, en 2012 se han hecho m\u00e1s de 20 operativos a nivel nacional y se ha formalizado a m\u00e1s de 1500 mineros artesanales en todo el pa\u00eds\u201d.<\/p>\n<p style=\"text-align: justify;\">Pero las clausuras y detenciones no son las \u00fanicas acciones que se realizan durante los operativos. El MAE realiza evaluaciones ecol\u00f3gicas en los puntos intervenidos para la posterior elaboraci\u00f3n de informes de valoraci\u00f3n del da\u00f1o ambiental. Los resultados obtenidos sirven como elementos de prueba, dentro del proceso penal activado contra los presuntos responsables del delito ambiental que se investiga.<\/p>\n<p style=\"text-align: justify;\">Finalmente, las instituciones involucradas anunciaron futuros operativos e hicieron un llamado a los mineros para que legalicen su estado, de tal forma que aseguren su trabajo, disminuyan los impacto ambientales, no pongan en riesgo su salud y precautelen su vida y la de las poblaciones cercanas a las \u00e1reas de explotaci\u00f3n minera.<\/p>\n<p style=\"text-align: justify;\"><strong>La foto:<\/strong><\/p>\n<p style=\"text-align: justify;\"><a href=\"http:\/\/www.ambienteyenergia.gob.ec\/ambiente\/wp-content\/uploads\/2013\/02\/2.jpg\"><img loading=\"lazy\" decoding=\"async\" class=\"aligncenter size-full wp-image-9193\" title=\"2\" src=\"http:\/\/www.ambienteyenergia.gob.ec\/ambiente\/wp-content\/uploads\/2013\/02\/2.jpg\" alt=\"\" width=\"650\" height=\"488\" srcset=\"https:\/\/www.ambienteyenergia.gob.ec\/ambiente\/wp-content\/uploads\/sites\/2\/2013\/02\/2.jpg 650w, https:\/\/www.ambienteyenergia.gob.ec\/ambiente\/wp-content\/uploads\/sites\/2\/2013\/02\/2-300x225.jpg 300w, https:\/\/www.ambienteyenergia.gob.ec\/ambiente\/wp-content\/uploads\/sites\/2\/2013\/02\/2-399x300.jpg 399w\" sizes=\"auto, (max-width: 650px) 100vw, 650px\" \/><\/a><\/p>\n","protected":false},"excerpt":{"rendered":"<p class=\"excerpt\">El Ministerio del Ambiente (MAE), junto a otras entidades que participaron en el operativo Ayll\u00f3n 3, como parte del Comando Estrat\u00e9gico Conjunto de Seguridad Ciudadana, se pronunciaron hoy (viernes) en la Gobernaci\u00f3n del Azuay para informar sobre los resultados de la incursi\u00f3n realizada en la parroquia Sig-Sig, provincia del Azuay, el 30 de enero pasado. Esa madrugada 235 polic\u00edas y&hellip; <a href=\"https:\/\/www.ambienteyenergia.gob.ec\/ambiente\/una-denuncia-del-mae-motivo-el-operativo-en-sig-sig\/\">Read more &rarr;<\/a><\/p>\n","protected":false},"author":13,"featured_media":9192,"comment_status":"open","ping_status":"open","sticky":false,"template":"","format":"standard","meta":{"footnotes":""},"categories":[16,4],"tags":[],"class_list":["post-9189","post","type-post","status-publish","format-standard","has-post-thumbnail","hentry","category-comunicamos","category-noticias","xfolkentry"],"_links":{"self":[{"href":"https:\/\/www.ambienteyenergia.gob.ec\/ambiente\/wp-json\/wp\/v2\/posts\/9189","targetHints":{"allow":["GET"]}}],"collection":[{"href":"https:\/\/www.ambienteyenergia.gob.ec\/ambiente\/wp-json\/wp\/v2\/posts"}],"about":[{"href":"https:\/\/www.ambienteyenergia.gob.ec\/ambiente\/wp-json\/wp\/v2\/types\/post"}],"author":[{"embeddable":true,"href":"https:\/\/www.ambienteyenergia.gob.ec\/ambiente\/wp-json\/wp\/v2\/users\/13"}],"replies":[{"embeddable":true,"href":"https:\/\/www.ambienteyenergia.gob.ec\/ambiente\/wp-json\/wp\/v2\/comments?post=9189"}],"version-history":[{"count":0,"href":"https:\/\/www.ambienteyenergia.gob.ec\/ambiente\/wp-json\/wp\/v2\/posts\/9189\/revisions"}],"wp:featuredmedia":[{"embeddable":true,"href":"https:\/\/www.ambienteyenergia.gob.ec\/ambiente\/wp-json\/wp\/v2\/media\/9192"}],"wp:attachment":[{"href":"https:\/\/www.ambienteyenergia.gob.ec\/ambiente\/wp-json\/wp\/v2\/media?parent=9189"}],"wp:term":[{"taxonomy":"category","embeddable":true,"href":"https:\/\/www.ambienteyenergia.gob.ec\/ambiente\/wp-json\/wp\/v2\/categories?post=9189"},{"taxonomy":"post_tag","embeddable":true,"href":"https:\/\/www.ambienteyenergia.gob.ec\/ambiente\/wp-json\/wp\/v2\/tags?post=9189"}],"curies":[{"name":"wp","href":"https:\/\/api.w.org\/{rel}","templated":true}]}}