{"id":9185,"date":"2013-01-31T17:07:19","date_gmt":"2013-01-31T22:07:19","guid":{"rendered":"http:\/\/www.ambiente.gob.ec\/?p=9185"},"modified":"2013-01-31T17:08:09","modified_gmt":"2013-01-31T22:08:09","slug":"mae-organizo-un-foro-por-el-dia-mundial-de-los-humedales","status":"publish","type":"post","link":"https:\/\/www.ambienteyenergia.gob.ec\/ambiente\/mae-organizo-un-foro-por-el-dia-mundial-de-los-humedales\/","title":{"rendered":"MAE organiz\u00f3 un foro por el D\u00eda Mundial de los Humedales"},"content":{"rendered":"<p style=\"text-align: justify;\">El Ministerio del Ambiente (MAE), a trav\u00e9s de la Direcci\u00f3n Nacional de Biodiversidad, en conmemoraci\u00f3n al D\u00eda Mundial de los Humedales que se celebra el 2 de febrero, realiz\u00f3 el d\u00eda de hoy (jueves), un foro en la Pontificia Universidad Cat\u00f3lica del Ecuador, en el auditorio de la Facultad de Ciencias Exactas (5to piso).<\/p>\n<p style=\"text-align: justify;\">La ponencia titulada \u00abForo sobre los Humedales en el Ecuador &#8211; D\u00eda Mundial de los Humedales, inici\u00f3 a las 8:30 y cont\u00f3 con la presencia de la Subsecretaria de Patrimonio Natural, Tania Villegas y el decano de la Facultad de Biolog\u00eda, Hugo Navarrete, quienes dieron la bienvenida a los presentes y los invitaron a participar activamente del evento.<\/p>\n<p style=\"text-align: justify;\">Los temas expuestos en la conferencia fueron: humedales en el Ecuador y la Convenci\u00f3n Ramsar; Humedales, h\u00e1bitat de Aves Acu\u00e1ticas; Gesti\u00f3n de recursos h\u00eddricos en humedales; Los Humedales en el contexto del cambio clim\u00e1tico; Captura y el secuestro de carbono en humedales; Humedales artificiales como medida de adaptaci\u00f3n al cambio clim\u00e1tico en Catacocha \u2013 Provincia de Loja; Experiencias de biocomercio, como una alternativa para el manejo sustentable de humedales y los pantanos de los p\u00e1ramos como herramienta para el estudio de la Paleo-ecolog\u00eda.<\/p>\n<p style=\"text-align: justify;\">Marcela Torres funcionaria de la Direcci\u00f3n Nacional de Biodiversidad del MAE, fue la primera en explicar los tipos de humedales, sus beneficios y la forma de proteger este recurso, adem\u00e1s de referir a Ramsar como una entidad encargada de la conservaci\u00f3n y el uso racional de los humedales a trav\u00e9s de cooperaci\u00f3n internacional, con apoyo local y nacional.<\/p>\n<p style=\"text-align: justify;\">Los Humedales, \u00abson cunas de diversidad biol\u00f3gica y fuentes de agua y productividad primaria de las que innumerables especies vegetales y animales dependen para subsistir. Dan sustento a altas concentraciones de especies de aves, mam\u00edferos, reptiles, anfibios, peces e invertebrados\u00bb, mencion\u00f3.<\/p>\n<p style=\"text-align: justify;\">Estas actividades se realizan con el objetivo de sensibilizar a la poblaci\u00f3n ecuatoriana sobre la importancia de los humedales como fuente de vida y como estos figuran entre los ecosistemas con mayor diversidad biol\u00f3gica.<\/p>\n<p style=\"text-align: justify;\">La difusi\u00f3n de la Campa\u00f1a de Humedales se desarrollar\u00e1 a nivel nacional, con el fin de garantizar su preservaci\u00f3n a largo plazo.<\/p>\n","protected":false},"excerpt":{"rendered":"<p class=\"excerpt\">El Ministerio del Ambiente (MAE), a trav\u00e9s de la Direcci\u00f3n Nacional de Biodiversidad, en conmemoraci\u00f3n al D\u00eda Mundial de los Humedales que se celebra el 2 de febrero, realiz\u00f3 el d\u00eda de hoy (jueves), un foro en la Pontificia Universidad Cat\u00f3lica del Ecuador, en el auditorio de la Facultad de Ciencias Exactas (5to piso). La ponencia titulada \u00abForo sobre los&hellip; <a href=\"https:\/\/www.ambienteyenergia.gob.ec\/ambiente\/mae-organizo-un-foro-por-el-dia-mundial-de-los-humedales\/\">Read more &rarr;<\/a><\/p>\n","protected":false},"author":13,"featured_media":9186,"comment_status":"open","ping_status":"open","sticky":false,"template":"","format":"standard","meta":{"footnotes":""},"categories":[16,4],"tags":[],"class_list":["post-9185","post","type-post","status-publish","format-standard","has-post-thumbnail","hentry","category-comunicamos","category-noticias","xfolkentry"],"_links":{"self":[{"href":"https:\/\/www.ambienteyenergia.gob.ec\/ambiente\/wp-json\/wp\/v2\/posts\/9185","targetHints":{"allow":["GET"]}}],"collection":[{"href":"https:\/\/www.ambienteyenergia.gob.ec\/ambiente\/wp-json\/wp\/v2\/posts"}],"about":[{"href":"https:\/\/www.ambienteyenergia.gob.ec\/ambiente\/wp-json\/wp\/v2\/types\/post"}],"author":[{"embeddable":true,"href":"https:\/\/www.ambienteyenergia.gob.ec\/ambiente\/wp-json\/wp\/v2\/users\/13"}],"replies":[{"embeddable":true,"href":"https:\/\/www.ambienteyenergia.gob.ec\/ambiente\/wp-json\/wp\/v2\/comments?post=9185"}],"version-history":[{"count":0,"href":"https:\/\/www.ambienteyenergia.gob.ec\/ambiente\/wp-json\/wp\/v2\/posts\/9185\/revisions"}],"wp:featuredmedia":[{"embeddable":true,"href":"https:\/\/www.ambienteyenergia.gob.ec\/ambiente\/wp-json\/wp\/v2\/media\/9186"}],"wp:attachment":[{"href":"https:\/\/www.ambienteyenergia.gob.ec\/ambiente\/wp-json\/wp\/v2\/media?parent=9185"}],"wp:term":[{"taxonomy":"category","embeddable":true,"href":"https:\/\/www.ambienteyenergia.gob.ec\/ambiente\/wp-json\/wp\/v2\/categories?post=9185"},{"taxonomy":"post_tag","embeddable":true,"href":"https:\/\/www.ambienteyenergia.gob.ec\/ambiente\/wp-json\/wp\/v2\/tags?post=9185"}],"curies":[{"name":"wp","href":"https:\/\/api.w.org\/{rel}","templated":true}]}}