{"id":9064,"date":"2013-01-25T08:43:27","date_gmt":"2013-01-25T13:43:27","guid":{"rendered":"http:\/\/www.ambiente.gob.ec\/?p=9064"},"modified":"2013-01-29T02:40:37","modified_gmt":"2013-01-29T07:40:37","slug":"el-mae-otorgo-las-primeras-200-credenciales-de-la-red-ecologica-infantil-guardianes-del-planeta","status":"publish","type":"post","link":"https:\/\/www.ambienteyenergia.gob.ec\/ambiente\/el-mae-otorgo-las-primeras-200-credenciales-de-la-red-ecologica-infantil-guardianes-del-planeta\/","title":{"rendered":"El MAE otorg\u00f3 las primeras 200 credenciales de la Red Ecol\u00f3gica Infantil &#8216;Guardianes del Planeta&#8217;"},"content":{"rendered":"<p style=\"text-align: justify;\">Hoy, lunes 28 de enero de 2013 en el Jard\u00edn Bot\u00e1nico (Parque La Carolina, Quito), la Ministra del Ambiente, Lorena Tapia entreg\u00f3 las primeras credenciales de la Red Ecol\u00f3gica Infantil \u201cGuardianes del Planeta\u201d, un nuevo proyecto impulsado por el Ministerio del Ambiente (MAE) con la intenci\u00f3n de crear y fomentar una correcta cultura ambiental en los ni\u00f1os.<\/p>\n<p style=\"text-align: justify;\">Las primeras 200 identificaciones se otorgaron a estudiantes de la Escuela Domingo Faustino Sarmiento. La ni\u00f1a Daniela Simba\u00f1a alumna del 6to \u00abB\u00bb de educaci\u00f3n b\u00e1sica, fue la representante del alumnado para la entrega simb\u00f3lica del carn\u00e9. Asimismo, el docente Rodrigo Jara como autoridad delegada de la instituci\u00f3n, reconoci\u00f3 la importancia de fomentar la educaci\u00f3n ambiental desde temprana edad y elogi\u00f3 esta iniciativa.<\/p>\n<p style=\"text-align: justify;\">Por su parte, la Ministra agradeci\u00f3 la asistencia de todas las personas y en especial de los peque\u00f1os al evento. \u00abNuestro objetivo es fomentar la educaci\u00f3n ambiental como una necesidad imperante para construir un mejor pa\u00eds y cumplir lo Establecido en el Plan Nacional del Buen vivir\u00bb, expres\u00f3.<\/p>\n<p style=\"text-align: justify;\">El evento se suscit\u00f3 en un ambiente de alegr\u00eda y satisfacci\u00f3n. Los ni\u00f1os compartieron conocimientos y diversi\u00f3n en la \u201cCasita del Buen Vivir\u201d, un prototipo de vivienda construida a escala infantil que educ\u00f3, inform\u00f3 y motiv\u00f3 a los peque\u00f1os a no desperdiciar el agua, usar energ\u00edas alternativas, consumir productos responsablemente y modificar sus h\u00e1bitos orientados por las buenas pr\u00e1cticas ambientales.<\/p>\n<p style=\"text-align: justify;\"><strong>\u00bfQu\u00e9 es \u201cGuardianes del Planeta\u201d?<\/strong><\/p>\n<p style=\"text-align: justify;\">El MAE, a trav\u00e9s de la Direcci\u00f3n de Informaci\u00f3n, Seguimiento y Evaluaci\u00f3n, promueve \u201cGuardianes del Planeta\u201d como un proyecto de participaci\u00f3n, comprometido con el desarrollo sustentable y sostenible del pa\u00eds.<\/p>\n<p style=\"text-align: justify;\">Este proceso se ejecuta en dos etapas. Primero, la visita de especialistas en Educaci\u00f3n Ambiental del MAE a las escuelas, para trabajar en talleres en los cuales los ni\u00f1os puedan desarrollar su creatividad en iniciativas, habilidades y destrezas alrededor de la protecci\u00f3n del medio ambiente. Complementariamente los ni\u00f1os conocen la \u201cCasita del Buen Vivir\u201d, en la que aprenden buenas pr\u00e1cticas ambientales y consumo responsable.<\/p>\n<p style=\"text-align: justify;\">La idea de esta Red Ecol\u00f3gica Infantil, es trabajar con peque\u00f1os, de cuarto, quinto y sexto a\u00f1o de b\u00e1sica (de 8 a 11 a\u00f1os de edad), en un proceso de educaci\u00f3n ambiental, con talleres y actividades l\u00fadico-cognitivas.<\/p>\n<p style=\"text-align: justify;\">El programa visita diferentes instituciones educativas cada semana, donde se socializan temas como patrimonio natural, biodiversidad, \u00e1reas protegidas, entre otros.<\/p>\n<p style=\"text-align: justify;\">La proyecci\u00f3n de \u201cGuardianes del Planeta\u201d es nacional, las primeras entregas inician en Pichincha y se espera que para el 2014 se reproduzca en todas la provincias del Ecuador.<\/p>\n<p style=\"text-align: justify;\"><strong>Beneficios de los Guardianes<\/strong><\/p>\n<p style=\"text-align: justify;\">Los ni\u00f1os que sean parte de la red ecol\u00f3gica ambiental \u201cGuardianes del Planeta\u201d van a ser acreedores a un carn\u00e9 que les identificar\u00e1 como miembros y les permitir\u00e1 suscribirse a beneficios.<\/p>\n<p style=\"text-align: justify;\">Para acceder al documento es necesario que los estudiantes participen de las jornadas ambientales y los talleres que imparte el MAE en cada instituci\u00f3n (la duraci\u00f3n es de aproximadamente 4 horas).<\/p>\n<p style=\"text-align: justify;\">Con esta identificaci\u00f3n, los ni\u00f1os obtendr\u00e1n descuentos del 20% y 50% en los establecimientos con los que se realizaron alianzas y convenios como el Jard\u00edn Bot\u00e1nico, Vivarium, Zool\u00f3gico de Guayllabamba, Ciudad Mitad del Mundo, Planetario del Instituto Geogr\u00e1fico Militar, entre otros.<\/p>\n<p style=\"text-align: justify;\">Los peque\u00f1os podr\u00e1n utilizar la credencial de forma inmediata y hacer uso de los beneficios desde ese instante, cabe destacar que no existe fecha de expiraci\u00f3n, por lo que pueden emplearlo todo el tiempo que lo deseen.<\/p>\n<p style=\"text-align: justify;\"><strong>El Dato<\/strong><\/p>\n<p style=\"text-align: justify;\">Si las instituciones educativas est\u00e1n interesadas en el proyecto \u201cGuardianes del Planeta\u201d pueden comunicarse al Ministerio del Ambiente (MAE) con Mar\u00eda Fernanda Mora, al 02 398 7600 o al correo electr\u00f3nico mmora@ambiente.gob.ec y programar una visita a su instituci\u00f3n.<\/p>\n<p style=\"text-align: justify;\"><strong>\u00a1Bienvenidos a nuestra Red \u201cGuardianes del Planeta\u201d!<\/strong><\/p>\n<p style=\"text-align: justify;\"><strong>Fotos:<\/strong><\/p>\n<div id='gallery-1' class='gallery galleryid-9064 gallery-columns-4 gallery-size-thumbnail'><dl class='gallery-item'>\n\t\t\t<dt class='gallery-icon landscape'>\n\t\t\t\t<a href='https:\/\/www.ambienteyenergia.gob.ec\/ambiente\/el-mae-otorgo-las-primeras-200-credenciales-de-la-red-ecologica-infantil-guardianes-del-planeta\/1-29\/'><img loading=\"lazy\" decoding=\"async\" width=\"150\" height=\"150\" src=\"https:\/\/www.ambienteyenergia.gob.ec\/ambiente\/wp-content\/uploads\/sites\/2\/2013\/01\/116-150x150.jpg\" class=\"attachment-thumbnail size-thumbnail\" alt=\"\" \/><\/a>\n\t\t\t<\/dt><\/dl><dl class='gallery-item'>\n\t\t\t<dt class='gallery-icon landscape'>\n\t\t\t\t<a href='https:\/\/www.ambienteyenergia.gob.ec\/ambiente\/el-mae-otorgo-las-primeras-200-credenciales-de-la-red-ecologica-infantil-guardianes-del-planeta\/2-21\/'><img loading=\"lazy\" decoding=\"async\" width=\"150\" height=\"150\" src=\"https:\/\/www.ambienteyenergia.gob.ec\/ambiente\/wp-content\/uploads\/sites\/2\/2013\/01\/211-150x150.jpg\" class=\"attachment-thumbnail size-thumbnail\" alt=\"\" \/><\/a>\n\t\t\t<\/dt><\/dl><dl class='gallery-item'>\n\t\t\t<dt class='gallery-icon landscape'>\n\t\t\t\t<a href='https:\/\/www.ambienteyenergia.gob.ec\/ambiente\/el-mae-otorgo-las-primeras-200-credenciales-de-la-red-ecologica-infantil-guardianes-del-planeta\/3-15\/'><img loading=\"lazy\" decoding=\"async\" width=\"150\" height=\"150\" src=\"https:\/\/www.ambienteyenergia.gob.ec\/ambiente\/wp-content\/uploads\/sites\/2\/2013\/01\/311-150x150.jpg\" class=\"attachment-thumbnail size-thumbnail\" alt=\"\" \/><\/a>\n\t\t\t<\/dt><\/dl><dl class='gallery-item'>\n\t\t\t<dt class='gallery-icon landscape'>\n\t\t\t\t<a href='https:\/\/www.ambienteyenergia.gob.ec\/ambiente\/el-mae-otorgo-las-primeras-200-credenciales-de-la-red-ecologica-infantil-guardianes-del-planeta\/4-14\/'><img loading=\"lazy\" decoding=\"async\" width=\"150\" height=\"150\" src=\"https:\/\/www.ambienteyenergia.gob.ec\/ambiente\/wp-content\/uploads\/sites\/2\/2013\/01\/410-150x150.jpg\" class=\"attachment-thumbnail size-thumbnail\" alt=\"\" \/><\/a>\n\t\t\t<\/dt><\/dl><br style=\"clear: both\" \/><dl class='gallery-item'>\n\t\t\t<dt class='gallery-icon landscape'>\n\t\t\t\t<a href='https:\/\/www.ambienteyenergia.gob.ec\/ambiente\/el-mae-otorgo-las-primeras-200-credenciales-de-la-red-ecologica-infantil-guardianes-del-planeta\/5-11\/'><img loading=\"lazy\" decoding=\"async\" width=\"150\" height=\"150\" src=\"https:\/\/www.ambienteyenergia.gob.ec\/ambiente\/wp-content\/uploads\/sites\/2\/2013\/01\/59-150x150.jpg\" class=\"attachment-thumbnail size-thumbnail\" alt=\"\" \/><\/a>\n\t\t\t<\/dt><\/dl><dl class='gallery-item'>\n\t\t\t<dt class='gallery-icon landscape'>\n\t\t\t\t<a href='https:\/\/www.ambienteyenergia.gob.ec\/ambiente\/el-mae-otorgo-las-primeras-200-credenciales-de-la-red-ecologica-infantil-guardianes-del-planeta\/6-9\/'><img loading=\"lazy\" decoding=\"async\" width=\"150\" height=\"150\" src=\"https:\/\/www.ambienteyenergia.gob.ec\/ambiente\/wp-content\/uploads\/sites\/2\/2013\/01\/68-150x150.jpg\" class=\"attachment-thumbnail size-thumbnail\" alt=\"\" \/><\/a>\n\t\t\t<\/dt><\/dl><dl class='gallery-item'>\n\t\t\t<dt class='gallery-icon landscape'>\n\t\t\t\t<a href='https:\/\/www.ambienteyenergia.gob.ec\/ambiente\/el-mae-otorgo-las-primeras-200-credenciales-de-la-red-ecologica-infantil-guardianes-del-planeta\/7-6\/'><img loading=\"lazy\" decoding=\"async\" width=\"150\" height=\"150\" src=\"https:\/\/www.ambienteyenergia.gob.ec\/ambiente\/wp-content\/uploads\/sites\/2\/2013\/01\/75-150x150.jpg\" class=\"attachment-thumbnail size-thumbnail\" alt=\"\" \/><\/a>\n\t\t\t<\/dt><\/dl><dl class='gallery-item'>\n\t\t\t<dt class='gallery-icon landscape'>\n\t\t\t\t<a href='https:\/\/www.ambienteyenergia.gob.ec\/ambiente\/el-mae-otorgo-las-primeras-200-credenciales-de-la-red-ecologica-infantil-guardianes-del-planeta\/8-5\/'><img loading=\"lazy\" decoding=\"async\" width=\"150\" height=\"150\" src=\"https:\/\/www.ambienteyenergia.gob.ec\/ambiente\/wp-content\/uploads\/sites\/2\/2013\/01\/84-150x150.jpg\" class=\"attachment-thumbnail size-thumbnail\" alt=\"\" \/><\/a>\n\t\t\t<\/dt><\/dl><br style=\"clear: both\" \/><dl class='gallery-item'>\n\t\t\t<dt class='gallery-icon landscape'>\n\t\t\t\t<a href='https:\/\/www.ambienteyenergia.gob.ec\/ambiente\/el-mae-otorgo-las-primeras-200-credenciales-de-la-red-ecologica-infantil-guardianes-del-planeta\/9-5\/'><img loading=\"lazy\" decoding=\"async\" width=\"150\" height=\"150\" src=\"https:\/\/www.ambienteyenergia.gob.ec\/ambiente\/wp-content\/uploads\/sites\/2\/2013\/01\/94-150x150.jpg\" class=\"attachment-thumbnail size-thumbnail\" alt=\"\" \/><\/a>\n\t\t\t<\/dt><\/dl><dl class='gallery-item'>\n\t\t\t<dt class='gallery-icon landscape'>\n\t\t\t\t<a href='https:\/\/www.ambienteyenergia.gob.ec\/ambiente\/el-mae-otorgo-las-primeras-200-credenciales-de-la-red-ecologica-infantil-guardianes-del-planeta\/10-4\/'><img loading=\"lazy\" decoding=\"async\" width=\"150\" height=\"150\" src=\"https:\/\/www.ambienteyenergia.gob.ec\/ambiente\/wp-content\/uploads\/sites\/2\/2013\/01\/103-150x150.jpg\" class=\"attachment-thumbnail size-thumbnail\" alt=\"\" \/><\/a>\n\t\t\t<\/dt><\/dl>\n\t\t\t<br style='clear: both' \/>\n\t\t<\/div>\n\n<p style=\"text-align: justify;\">\n","protected":false},"excerpt":{"rendered":"<p class=\"excerpt\">Hoy, lunes 28 de enero de 2013 en el Jard\u00edn Bot\u00e1nico (Parque La Carolina, Quito), la Ministra del Ambiente, Lorena Tapia entreg\u00f3 las primeras credenciales de la Red Ecol\u00f3gica Infantil \u201cGuardianes del Planeta\u201d, un nuevo proyecto impulsado por el Ministerio del Ambiente (MAE) con la intenci\u00f3n de crear y fomentar una correcta cultura ambiental en los ni\u00f1os. Las primeras 200&hellip; <a href=\"https:\/\/www.ambienteyenergia.gob.ec\/ambiente\/el-mae-otorgo-las-primeras-200-credenciales-de-la-red-ecologica-infantil-guardianes-del-planeta\/\">Read more &rarr;<\/a><\/p>\n","protected":false},"author":13,"featured_media":9083,"comment_status":"open","ping_status":"open","sticky":false,"template":"","format":"standard","meta":{"footnotes":""},"categories":[16,4],"tags":[],"class_list":["post-9064","post","type-post","status-publish","format-standard","has-post-thumbnail","hentry","category-comunicamos","category-noticias","xfolkentry"],"_links":{"self":[{"href":"https:\/\/www.ambienteyenergia.gob.ec\/ambiente\/wp-json\/wp\/v2\/posts\/9064","targetHints":{"allow":["GET"]}}],"collection":[{"href":"https:\/\/www.ambienteyenergia.gob.ec\/ambiente\/wp-json\/wp\/v2\/posts"}],"about":[{"href":"https:\/\/www.ambienteyenergia.gob.ec\/ambiente\/wp-json\/wp\/v2\/types\/post"}],"author":[{"embeddable":true,"href":"https:\/\/www.ambienteyenergia.gob.ec\/ambiente\/wp-json\/wp\/v2\/users\/13"}],"replies":[{"embeddable":true,"href":"https:\/\/www.ambienteyenergia.gob.ec\/ambiente\/wp-json\/wp\/v2\/comments?post=9064"}],"version-history":[{"count":0,"href":"https:\/\/www.ambienteyenergia.gob.ec\/ambiente\/wp-json\/wp\/v2\/posts\/9064\/revisions"}],"wp:featuredmedia":[{"embeddable":true,"href":"https:\/\/www.ambienteyenergia.gob.ec\/ambiente\/wp-json\/wp\/v2\/media\/9083"}],"wp:attachment":[{"href":"https:\/\/www.ambienteyenergia.gob.ec\/ambiente\/wp-json\/wp\/v2\/media?parent=9064"}],"wp:term":[{"taxonomy":"category","embeddable":true,"href":"https:\/\/www.ambienteyenergia.gob.ec\/ambiente\/wp-json\/wp\/v2\/categories?post=9064"},{"taxonomy":"post_tag","embeddable":true,"href":"https:\/\/www.ambienteyenergia.gob.ec\/ambiente\/wp-json\/wp\/v2\/tags?post=9064"}],"curies":[{"name":"wp","href":"https:\/\/api.w.org\/{rel}","templated":true}]}}