{"id":9054,"date":"2013-01-26T08:34:15","date_gmt":"2013-01-26T13:34:15","guid":{"rendered":"http:\/\/www.ambiente.gob.ec\/?p=9054"},"modified":"2013-01-28T08:49:30","modified_gmt":"2013-01-28T13:49:30","slug":"mae-celebro-el-dia-de-la-educacion-ambiental-con-la-casita-del-buen-vivir","status":"publish","type":"post","link":"https:\/\/www.ambienteyenergia.gob.ec\/ambiente\/mae-celebro-el-dia-de-la-educacion-ambiental-con-la-casita-del-buen-vivir\/","title":{"rendered":"MAE celebr\u00f3 el D\u00eda de la Educaci\u00f3n Ambiental con la Casita del \u201cBuen Vivir\u201d"},"content":{"rendered":"<p style=\"text-align: justify;\">Desde 1975, todos los 26 de enero se conmemora el d\u00eda Mundial de la Educaci\u00f3n Ambiental con el prop\u00f3sito de concienciar a la poblaci\u00f3n sobre la problem\u00e1tica ambiental actual y generar soluciones pr\u00e1cticas a favor de la naturaleza.<\/p>\n<p style=\"text-align: justify;\">Al celebrar un nuevo D\u00eda de la Educaci\u00f3n Ambiental, el Ministerio del Ambiente (MAE) considera importante que la ciudadan\u00eda conserve una mirada cr\u00edtica y social respecto al tema, para sumar acciones participativas.<\/p>\n<p style=\"text-align: justify;\"><strong>La Casita del Buen Vivir en San Luis Shopping (Valle de los Chillos &#8211; Quito)<\/strong><\/p>\n<p style=\"text-align: justify;\">El proyecto de educaci\u00f3n ambiental ciudadana \u201cSomos parte de la soluci\u00f3n\u201d promovida por el Ministerio del Ambiente (MAE) estuvo el d\u00eda s\u00e1bado 26 de enero en el C.C. San Luis Shopping (Valle de los Chillos), con el prototipo ecol\u00f3gico \u201cla Casa del Buen Vivir\u201d.<\/p>\n<p style=\"text-align: justify;\">El objetivo fue sensibilizar y concienciar a la ciudadan\u00eda sobre la educaci\u00f3n ambiental y las tecnolog\u00edas amigables con el ambiente.<\/p>\n<p style=\"text-align: justify;\">Desde las 10:00 que el centro comercial abri\u00f3 sus puertas, la gente no dej\u00f3 de acercarse con asombro y curiosidad, la mayor\u00eda se interes\u00f3 mucho en conocer e informarse sobre esta nueva alternativa ecol\u00f3gica que presenta la Direcci\u00f3n de Informaci\u00f3n, Seguimiento y Evaluaci\u00f3n del MAE.<\/p>\n<p style=\"text-align: justify;\">Las funcionarias de la Cartera de Estado socializaron diferentes temas y comunicaron las nuevas formas de cuidado ambiental y sobre todo del uso de las 4 \u201cR\u201d (reducir, reutilizar, reciclar y rechazar), adem\u00e1s recordaron a las personas que se celebra el D\u00eda de la Educaci\u00f3n Ambiental<\/p>\n<p style=\"text-align: justify;\">Adriana Sosa (8 a\u00f1os), fue una de las peque\u00f1as interesadas en conocer m\u00e1s sobre el cuidado de la naturaleza, expres\u00f3 su felicidad al recibir el libro \u201cAnimalanzas\u201d, un texto infantil que entrega el MAE.<\/p>\n<p style=\"text-align: justify;\">La meta de la casa rodante es motivar comportamientos ambientales y promover la participaci\u00f3n en especial de los ni\u00f1os y j\u00f3venes.<\/p>\n<p style=\"text-align: justify;\">Daniel Su\u00e1rez, otro de los participantes manifest\u00f3 que le pareci\u00f3 interesante este tipo de ideas alternativas porque ayudan a disminuir la contaminaci\u00f3n y los modelos del buen vivir. \u201cMe fascin\u00f3 la idea, definitivamente voy a aplicar varias de estas iniciativas en mi hogar\u201d, dijo.<\/p>\n<p style=\"text-align: justify;\">El Ministerio del Ambiente ha incorporado estos programas y proyectos de educaci\u00f3n con la intenci\u00f3n de formar una cultura ambiental comprometida, impartiendo buenas pr\u00e1cticas de conservaci\u00f3n y uso sostenible de los recursos naturales, procesos de interculturalidad y manejo de conflictos socioambientales.<\/p>\n","protected":false},"excerpt":{"rendered":"<p class=\"excerpt\">Desde 1975, todos los 26 de enero se conmemora el d\u00eda Mundial de la Educaci\u00f3n Ambiental con el prop\u00f3sito de concienciar a la poblaci\u00f3n sobre la problem\u00e1tica ambiental actual y generar soluciones pr\u00e1cticas a favor de la naturaleza. Al celebrar un nuevo D\u00eda de la Educaci\u00f3n Ambiental, el Ministerio del Ambiente (MAE) considera importante que la ciudadan\u00eda conserve una mirada&hellip; <a href=\"https:\/\/www.ambienteyenergia.gob.ec\/ambiente\/mae-celebro-el-dia-de-la-educacion-ambiental-con-la-casita-del-buen-vivir\/\">Read more &rarr;<\/a><\/p>\n","protected":false},"author":13,"featured_media":9068,"comment_status":"open","ping_status":"open","sticky":false,"template":"","format":"standard","meta":{"footnotes":""},"categories":[16,4],"tags":[],"class_list":["post-9054","post","type-post","status-publish","format-standard","has-post-thumbnail","hentry","category-comunicamos","category-noticias","xfolkentry"],"_links":{"self":[{"href":"https:\/\/www.ambienteyenergia.gob.ec\/ambiente\/wp-json\/wp\/v2\/posts\/9054","targetHints":{"allow":["GET"]}}],"collection":[{"href":"https:\/\/www.ambienteyenergia.gob.ec\/ambiente\/wp-json\/wp\/v2\/posts"}],"about":[{"href":"https:\/\/www.ambienteyenergia.gob.ec\/ambiente\/wp-json\/wp\/v2\/types\/post"}],"author":[{"embeddable":true,"href":"https:\/\/www.ambienteyenergia.gob.ec\/ambiente\/wp-json\/wp\/v2\/users\/13"}],"replies":[{"embeddable":true,"href":"https:\/\/www.ambienteyenergia.gob.ec\/ambiente\/wp-json\/wp\/v2\/comments?post=9054"}],"version-history":[{"count":0,"href":"https:\/\/www.ambienteyenergia.gob.ec\/ambiente\/wp-json\/wp\/v2\/posts\/9054\/revisions"}],"wp:featuredmedia":[{"embeddable":true,"href":"https:\/\/www.ambienteyenergia.gob.ec\/ambiente\/wp-json\/wp\/v2\/media\/9068"}],"wp:attachment":[{"href":"https:\/\/www.ambienteyenergia.gob.ec\/ambiente\/wp-json\/wp\/v2\/media?parent=9054"}],"wp:term":[{"taxonomy":"category","embeddable":true,"href":"https:\/\/www.ambienteyenergia.gob.ec\/ambiente\/wp-json\/wp\/v2\/categories?post=9054"},{"taxonomy":"post_tag","embeddable":true,"href":"https:\/\/www.ambienteyenergia.gob.ec\/ambiente\/wp-json\/wp\/v2\/tags?post=9054"}],"curies":[{"name":"wp","href":"https:\/\/api.w.org\/{rel}","templated":true}]}}