{"id":9039,"date":"2013-01-25T15:10:51","date_gmt":"2013-01-25T20:10:51","guid":{"rendered":"http:\/\/www.ambiente.gob.ec\/?p=9039"},"modified":"2013-01-25T15:10:59","modified_gmt":"2013-01-25T20:10:59","slug":"mae-celebra-el-dia-mundial-de-la-educacion-ambiental-en-zamora","status":"publish","type":"post","link":"https:\/\/www.ambienteyenergia.gob.ec\/ambiente\/mae-celebra-el-dia-mundial-de-la-educacion-ambiental-en-zamora\/","title":{"rendered":"MAE celebr\u00f3 el D\u00eda Mundial de la Educaci\u00f3n Ambiental en Zamora"},"content":{"rendered":"<p style=\"text-align: justify;\">El Ministerio del Ambiente (MAE), a trav\u00e9s de su Direcci\u00f3n Provincial en Zamora Chinchipe, el Jueves 24 de enero, realiz\u00f3 en conmemoraci\u00f3n al D\u00eda Mundial de la Educaci\u00f3n Ambiental una ponencia dirigida a estudiantes de la Unidad Educativa 12 de Octubre.<\/p>\n<p>Los alumnos de segundo, tercero y cuarto a\u00f1o de educaci\u00f3n b\u00e1sica, de la instituci\u00f3n ubicada en el sector la Pituca (Cant\u00f3n Zamora) socializaron temas ambientales como el manejo integral de desechos s\u00f3lidos, las 4R (Reduce, Recicla Re\u00fasa y Rechaza), calentamiento global e importancia del agua.<\/p>\n<p>Con la finalidad de afianzar lo aprendido y fomentar en el estudiantado un adecuado manejo integral de desechos s\u00f3lidos, los funcionarios del MAE proyectaron videos interactivos en los que se reflexion\u00f3 sobre el tema.<\/p>\n<p>Asimismo, con la intenci\u00f3n de generar conciencia, se entregaron esferos elaborados con material reciclado, bolsos para evitar el uso de fundas pl\u00e1sticas y manillas con el slogan de las 4R.<\/p>\n","protected":false},"excerpt":{"rendered":"<p class=\"excerpt\">El Ministerio del Ambiente (MAE), a trav\u00e9s de su Direcci\u00f3n Provincial en Zamora Chinchipe, el Jueves 24 de enero, realiz\u00f3 en conmemoraci\u00f3n al D\u00eda Mundial de la Educaci\u00f3n Ambiental una ponencia dirigida a estudiantes de la Unidad Educativa 12 de Octubre. Los alumnos de segundo, tercero y cuarto a\u00f1o de educaci\u00f3n b\u00e1sica, de la instituci\u00f3n ubicada en el sector la&hellip; <a href=\"https:\/\/www.ambienteyenergia.gob.ec\/ambiente\/mae-celebra-el-dia-mundial-de-la-educacion-ambiental-en-zamora\/\">Read more &rarr;<\/a><\/p>\n","protected":false},"author":13,"featured_media":9040,"comment_status":"open","ping_status":"open","sticky":false,"template":"","format":"standard","meta":{"footnotes":""},"categories":[16,4],"tags":[],"class_list":["post-9039","post","type-post","status-publish","format-standard","has-post-thumbnail","hentry","category-comunicamos","category-noticias","xfolkentry"],"_links":{"self":[{"href":"https:\/\/www.ambienteyenergia.gob.ec\/ambiente\/wp-json\/wp\/v2\/posts\/9039","targetHints":{"allow":["GET"]}}],"collection":[{"href":"https:\/\/www.ambienteyenergia.gob.ec\/ambiente\/wp-json\/wp\/v2\/posts"}],"about":[{"href":"https:\/\/www.ambienteyenergia.gob.ec\/ambiente\/wp-json\/wp\/v2\/types\/post"}],"author":[{"embeddable":true,"href":"https:\/\/www.ambienteyenergia.gob.ec\/ambiente\/wp-json\/wp\/v2\/users\/13"}],"replies":[{"embeddable":true,"href":"https:\/\/www.ambienteyenergia.gob.ec\/ambiente\/wp-json\/wp\/v2\/comments?post=9039"}],"version-history":[{"count":0,"href":"https:\/\/www.ambienteyenergia.gob.ec\/ambiente\/wp-json\/wp\/v2\/posts\/9039\/revisions"}],"wp:featuredmedia":[{"embeddable":true,"href":"https:\/\/www.ambienteyenergia.gob.ec\/ambiente\/wp-json\/wp\/v2\/media\/9040"}],"wp:attachment":[{"href":"https:\/\/www.ambienteyenergia.gob.ec\/ambiente\/wp-json\/wp\/v2\/media?parent=9039"}],"wp:term":[{"taxonomy":"category","embeddable":true,"href":"https:\/\/www.ambienteyenergia.gob.ec\/ambiente\/wp-json\/wp\/v2\/categories?post=9039"},{"taxonomy":"post_tag","embeddable":true,"href":"https:\/\/www.ambienteyenergia.gob.ec\/ambiente\/wp-json\/wp\/v2\/tags?post=9039"}],"curies":[{"name":"wp","href":"https:\/\/api.w.org\/{rel}","templated":true}]}}