{"id":9025,"date":"2013-01-25T13:54:11","date_gmt":"2013-01-25T18:54:11","guid":{"rendered":"http:\/\/www.ambiente.gob.ec\/?p=9025"},"modified":"2013-01-25T13:56:15","modified_gmt":"2013-01-25T18:56:15","slug":"tras-20-dias-de-sentencia-no-se-conoce-la-condena-en-caso-dirk-bender","status":"publish","type":"post","link":"https:\/\/www.ambienteyenergia.gob.ec\/ambiente\/tras-20-dias-de-sentencia-no-se-conoce-la-condena-en-caso-dirk-bender\/","title":{"rendered":"Tras 20 d\u00edas de sentencia, no se conoce la condena en caso Dirk Bender"},"content":{"rendered":"<p style=\"text-align: justify;\"><em>La Direcci\u00f3n del Parque Nacional Gal\u00e1pagos a\u00fan no ha sido notificada del contenido de la sentencia que se aplicar\u00e1 al turista alem\u00e1n.<\/em><\/p>\n<p style=\"text-align: justify;\">Pese a que han transcurrido 20 d\u00edas desde que el Tribunal Primero de Garant\u00edas Penales de Gal\u00e1pagos sentenci\u00f3 como culpable al turista alem\u00e1n Dirk Bender, por el delito de extracci\u00f3n de especies end\u00e9micas alterando el ecosistema de las islas, la Direcci\u00f3n del Parque Nacional Gal\u00e1pagos, como parte acusadora, no ha recibido la notificaci\u00f3n del contenido de la sentencia que se aplicar\u00e1 al delincuente.<\/p>\n<p style=\"text-align: justify;\">Luego de un proceso penal que dur\u00f3 aproximadamente seis meses, el Tribunal Primero de Garant\u00edas Penales de Gal\u00e1pagos integrado por los magistrados Jaime D\u00e1vila de la Rosa, Arturo Ord\u00f3\u00f1ez Ortiz y Dennis Andrade Lema, hallaron culpable a Bender de extracci\u00f3n de especies, delito ambiental que consta en el art\u00edculo 437F del C\u00f3digo Penal.<\/p>\n<p style=\"text-align: justify;\">De acuerdo a lo establecido en el art\u00edculo 306 del C\u00f3digo de Procedimiento Penal, el Tribunal Primero de Garant\u00edas Penales de Gal\u00e1pagos ten\u00eda un plazo de tres d\u00edas para notificar a las partes el contenido de la sentencia, lo que no ha sucedido, por lo que la Direcci\u00f3n del Parque Nacional Gal\u00e1pagos iniciar\u00e1 las acciones legales que correspondan.<\/p>\n<p style=\"text-align: justify;\">Dirk Bender fue detenido en el aeropuerto de la isla Baltra, en Gal\u00e1pagos, el 08 de julio del 2012, cuando los guardaparques encontraron en su equipaje cuatro iguanas terrestres (Conolophus subcristatus) end\u00e9micas de las islas, dentro de fundas de tela, para ser trasladadas sin autorizaci\u00f3n hasta el Ecuador continental.<\/p>\n","protected":false},"excerpt":{"rendered":"<p class=\"excerpt\">La Direcci\u00f3n del Parque Nacional Gal\u00e1pagos a\u00fan no ha sido notificada del contenido de la sentencia que se aplicar\u00e1 al turista alem\u00e1n. Pese a que han transcurrido 20 d\u00edas desde que el Tribunal Primero de Garant\u00edas Penales de Gal\u00e1pagos sentenci\u00f3 como culpable al turista alem\u00e1n Dirk Bender, por el delito de extracci\u00f3n de especies end\u00e9micas alterando el ecosistema de las&hellip; <a href=\"https:\/\/www.ambienteyenergia.gob.ec\/ambiente\/tras-20-dias-de-sentencia-no-se-conoce-la-condena-en-caso-dirk-bender\/\">Read more &rarr;<\/a><\/p>\n","protected":false},"author":13,"featured_media":9028,"comment_status":"open","ping_status":"open","sticky":false,"template":"","format":"standard","meta":{"footnotes":""},"categories":[16,4],"tags":[48,53],"class_list":["post-9025","post","type-post","status-publish","format-standard","has-post-thumbnail","hentry","category-comunicamos","category-noticias","tag-ecuador","tag-mae","xfolkentry"],"_links":{"self":[{"href":"https:\/\/www.ambienteyenergia.gob.ec\/ambiente\/wp-json\/wp\/v2\/posts\/9025","targetHints":{"allow":["GET"]}}],"collection":[{"href":"https:\/\/www.ambienteyenergia.gob.ec\/ambiente\/wp-json\/wp\/v2\/posts"}],"about":[{"href":"https:\/\/www.ambienteyenergia.gob.ec\/ambiente\/wp-json\/wp\/v2\/types\/post"}],"author":[{"embeddable":true,"href":"https:\/\/www.ambienteyenergia.gob.ec\/ambiente\/wp-json\/wp\/v2\/users\/13"}],"replies":[{"embeddable":true,"href":"https:\/\/www.ambienteyenergia.gob.ec\/ambiente\/wp-json\/wp\/v2\/comments?post=9025"}],"version-history":[{"count":0,"href":"https:\/\/www.ambienteyenergia.gob.ec\/ambiente\/wp-json\/wp\/v2\/posts\/9025\/revisions"}],"wp:featuredmedia":[{"embeddable":true,"href":"https:\/\/www.ambienteyenergia.gob.ec\/ambiente\/wp-json\/wp\/v2\/media\/9028"}],"wp:attachment":[{"href":"https:\/\/www.ambienteyenergia.gob.ec\/ambiente\/wp-json\/wp\/v2\/media?parent=9025"}],"wp:term":[{"taxonomy":"category","embeddable":true,"href":"https:\/\/www.ambienteyenergia.gob.ec\/ambiente\/wp-json\/wp\/v2\/categories?post=9025"},{"taxonomy":"post_tag","embeddable":true,"href":"https:\/\/www.ambienteyenergia.gob.ec\/ambiente\/wp-json\/wp\/v2\/tags?post=9025"}],"curies":[{"name":"wp","href":"https:\/\/api.w.org\/{rel}","templated":true}]}}