{"id":9021,"date":"2013-01-25T13:32:37","date_gmt":"2013-01-25T18:32:37","guid":{"rendered":"http:\/\/www.ambiente.gob.ec\/?p=9021"},"modified":"2013-01-25T15:04:06","modified_gmt":"2013-01-25T20:04:06","slug":"mae-entrego-productos-educativos-a-ferrocarriles-del-ecuador","status":"publish","type":"post","link":"https:\/\/www.ambienteyenergia.gob.ec\/ambiente\/mae-entrego-productos-educativos-a-ferrocarriles-del-ecuador\/","title":{"rendered":"MAE entreg\u00f3 productos educativos a Ferrocarriles del Ecuador"},"content":{"rendered":"<p style=\"text-align: justify;\">El Ministerio del Ambiente (MAE) y Ferrocarriles del Ecuador (FEEP) suscribieron hoy (viernes) un convenio de Cooperaci\u00f3n Interinstitucional para fortalecer iniciativas de desarrollo del turismo sostenible en el \u00c1rea de Recreaci\u00f3n \u201cEl Boliche\u201d bajo un enfoque socio ambiental.<\/p>\n<p style=\"text-align: justify;\">En el acto, MAE hizo la entrega formal de productos educativos para comprender la relaci\u00f3n directa entre el equilibrio de los ecosistemas y la calidad de vida de la poblaci\u00f3n en la Ruta del Ferrocarril Alaus\u00ed Sibambe.<\/p>\n<p style=\"text-align: justify;\">Asimismo, se estableci\u00f3 mecanismos de compensaci\u00f3n de FEEP hacia el MAE por los valores que se dejan de percibir en el ingreso a las \u00c1reas Protegidas. (Acuerdo Ministerial No. 136 del 5 de agosto de 2011).<\/p>\n<p style=\"text-align: justify;\">Con esta consigna, MAE implement\u00f3 la ejecuci\u00f3n del Proyecto Piloto \u201cEducaci\u00f3n Ambiental sobre Rieles en la Ruta Alaus\u00ed Sibambe\u201d a trav\u00e9s de la Direcci\u00f3n de Informaci\u00f3n, Seguimiento y Evaluaci\u00f3n con el apoyo del Proyecto Sostenibilidad Financiera del SANAP.<\/p>\n<p style=\"text-align: justify;\">Lo que se pretende es fortalecer el enfoque educativo ambiental con los guiones utilizados a lo largo de la ruta del tren y promover el conocimiento y valoraci\u00f3n de la Reserva de Producci\u00f3n de Fauna-Chimborazo y Parque Nacional Sangay (\u00c1reas Naturales Protegidas cercanas a la Ruta Alaus\u00ed Sibambe).<\/p>\n<p style=\"text-align: justify;\">Esto lograr\u00e1 que los visitantes nacionales y extranjeros puedan admirar, no solo la belleza natural de estas zonas, sino comprender la importancia de sus recursos, biodiversidad y calidad de vida de la poblaci\u00f3n.<\/p>\n<p style=\"text-align: justify;\"><strong>La foto<\/strong>:<\/p>\n<div id='gallery-1' class='gallery galleryid-9021 gallery-columns-4 gallery-size-thumbnail'><dl class='gallery-item'>\n\t\t\t<dt class='gallery-icon landscape'>\n\t\t\t\t<a href='https:\/\/www.ambienteyenergia.gob.ec\/ambiente\/mae-entrego-productos-educativos-a-ferrocarriles-del-ecuador\/1-27\/'><img loading=\"lazy\" decoding=\"async\" width=\"150\" height=\"150\" src=\"https:\/\/www.ambienteyenergia.gob.ec\/ambiente\/wp-content\/uploads\/sites\/2\/2013\/01\/115-150x150.jpg\" class=\"attachment-thumbnail size-thumbnail\" alt=\"\" \/><\/a>\n\t\t\t<\/dt><\/dl><dl class='gallery-item'>\n\t\t\t<dt class='gallery-icon landscape'>\n\t\t\t\t<a href='https:\/\/www.ambienteyenergia.gob.ec\/ambiente\/mae-entrego-productos-educativos-a-ferrocarriles-del-ecuador\/2-20\/'><img loading=\"lazy\" decoding=\"async\" width=\"150\" height=\"150\" src=\"https:\/\/www.ambienteyenergia.gob.ec\/ambiente\/wp-content\/uploads\/sites\/2\/2013\/01\/210-150x150.jpg\" class=\"attachment-thumbnail size-thumbnail\" alt=\"\" \/><\/a>\n\t\t\t<\/dt><\/dl><dl class='gallery-item'>\n\t\t\t<dt class='gallery-icon landscape'>\n\t\t\t\t<a href='https:\/\/www.ambienteyenergia.gob.ec\/ambiente\/mae-entrego-productos-educativos-a-ferrocarriles-del-ecuador\/3-14\/'><img loading=\"lazy\" decoding=\"async\" width=\"150\" height=\"150\" src=\"https:\/\/www.ambienteyenergia.gob.ec\/ambiente\/wp-content\/uploads\/sites\/2\/2013\/01\/310-150x150.jpg\" class=\"attachment-thumbnail size-thumbnail\" alt=\"\" \/><\/a>\n\t\t\t<\/dt><\/dl><dl class='gallery-item'>\n\t\t\t<dt class='gallery-icon landscape'>\n\t\t\t\t<a href='https:\/\/www.ambienteyenergia.gob.ec\/ambiente\/mae-entrego-productos-educativos-a-ferrocarriles-del-ecuador\/4-13\/'><img loading=\"lazy\" decoding=\"async\" width=\"150\" height=\"150\" src=\"https:\/\/www.ambienteyenergia.gob.ec\/ambiente\/wp-content\/uploads\/sites\/2\/2013\/01\/49-150x150.jpg\" class=\"attachment-thumbnail size-thumbnail\" alt=\"\" \/><\/a>\n\t\t\t<\/dt><\/dl><br style=\"clear: both\" \/>\n\t\t<\/div>\n\n<p style=\"text-align: justify;\">\n","protected":false},"excerpt":{"rendered":"<p class=\"excerpt\">El Ministerio del Ambiente (MAE) y Ferrocarriles del Ecuador (FEEP) suscribieron hoy (viernes) un convenio de Cooperaci\u00f3n Interinstitucional para fortalecer iniciativas de desarrollo del turismo sostenible en el \u00c1rea de Recreaci\u00f3n \u201cEl Boliche\u201d bajo un enfoque socio ambiental. En el acto, MAE hizo la entrega formal de productos educativos para comprender la relaci\u00f3n directa entre el equilibrio de los ecosistemas&hellip; <a href=\"https:\/\/www.ambienteyenergia.gob.ec\/ambiente\/mae-entrego-productos-educativos-a-ferrocarriles-del-ecuador\/\">Read more &rarr;<\/a><\/p>\n","protected":false},"author":13,"featured_media":9033,"comment_status":"open","ping_status":"open","sticky":false,"template":"","format":"standard","meta":{"footnotes":""},"categories":[16,4],"tags":[],"class_list":["post-9021","post","type-post","status-publish","format-standard","has-post-thumbnail","hentry","category-comunicamos","category-noticias","xfolkentry"],"_links":{"self":[{"href":"https:\/\/www.ambienteyenergia.gob.ec\/ambiente\/wp-json\/wp\/v2\/posts\/9021","targetHints":{"allow":["GET"]}}],"collection":[{"href":"https:\/\/www.ambienteyenergia.gob.ec\/ambiente\/wp-json\/wp\/v2\/posts"}],"about":[{"href":"https:\/\/www.ambienteyenergia.gob.ec\/ambiente\/wp-json\/wp\/v2\/types\/post"}],"author":[{"embeddable":true,"href":"https:\/\/www.ambienteyenergia.gob.ec\/ambiente\/wp-json\/wp\/v2\/users\/13"}],"replies":[{"embeddable":true,"href":"https:\/\/www.ambienteyenergia.gob.ec\/ambiente\/wp-json\/wp\/v2\/comments?post=9021"}],"version-history":[{"count":0,"href":"https:\/\/www.ambienteyenergia.gob.ec\/ambiente\/wp-json\/wp\/v2\/posts\/9021\/revisions"}],"wp:featuredmedia":[{"embeddable":true,"href":"https:\/\/www.ambienteyenergia.gob.ec\/ambiente\/wp-json\/wp\/v2\/media\/9033"}],"wp:attachment":[{"href":"https:\/\/www.ambienteyenergia.gob.ec\/ambiente\/wp-json\/wp\/v2\/media?parent=9021"}],"wp:term":[{"taxonomy":"category","embeddable":true,"href":"https:\/\/www.ambienteyenergia.gob.ec\/ambiente\/wp-json\/wp\/v2\/categories?post=9021"},{"taxonomy":"post_tag","embeddable":true,"href":"https:\/\/www.ambienteyenergia.gob.ec\/ambiente\/wp-json\/wp\/v2\/tags?post=9021"}],"curies":[{"name":"wp","href":"https:\/\/api.w.org\/{rel}","templated":true}]}}