{"id":9017,"date":"2013-01-25T11:13:55","date_gmt":"2013-01-25T16:13:55","guid":{"rendered":"http:\/\/www.ambiente.gob.ec\/?p=9017"},"modified":"2013-01-25T16:52:50","modified_gmt":"2013-01-25T21:52:50","slug":"galapagos-recibe-la-visita-del-director-de-la-usaid","status":"publish","type":"post","link":"https:\/\/www.ambienteyenergia.gob.ec\/ambiente\/galapagos-recibe-la-visita-del-director-de-la-usaid\/","title":{"rendered":"Gal\u00e1pagos recibe la visita del director de la USAID"},"content":{"rendered":"<p style=\"text-align: justify;\"><em>El titular de la Agencia de los Estados Unidos para el Desarrollo Internacional se reuni\u00f3 con directores para analizar estrategias de colaboraci\u00f3n.<\/em><\/p>\n<p style=\"text-align: justify;\">Andrew M. Herscowitz, director de la Agencia de los Estados Unidos para el Desarrollo Internacional (USAID), fue recibido por Edwin Naula, director del Parque Nacional Gal\u00e1pagos y otros funcionarios de la DPNG quienes explicaron el trabajo realizado en materia de conservaci\u00f3n dentro de las \u00e1reas protegidas del archipi\u00e9lago.<\/p>\n<p style=\"text-align: justify;\">Edwin Naula reconoci\u00f3 la importancia de la ayuda brindada por la USAID, que ha colaborado con la Direcci\u00f3n del Parque Nacional Gal\u00e1pagos en los proyectos de Restauraci\u00f3n y manejo de Humedales en Isabela; la Elaboraci\u00f3n del Plan de Manejo del PNG (2005); la Adquisici\u00f3n de m\u00e1quinas para la lancha oce\u00e1nica Guadalupe River, y la Adquisici\u00f3n y donaci\u00f3n del hidroavi\u00f3n Sea Wolf para el control de la Reserva Marina de Gal\u00e1pagos.<\/p>\n<p style=\"text-align: justify;\">Esta visita permite retomar el lazo de cooperaci\u00f3n entre la DPNG y la USAID, dentro de los diferentes programas impulsados por la autoridad ambiental, como el desarrollo de m\u00e9todos de control biol\u00f3gico para especies introducidas como la mora, que afecta a la flora y fauna, la implantaci\u00f3n del Sistema de Informaci\u00f3n Ambiental para Gal\u00e1pagos; y la implementaci\u00f3n del Laboratorio de Ecolog\u00eda, Prevenci\u00f3n y Diagn\u00f3stico para la Vida Silvestre.<\/p>\n<p style=\"text-align: justify;\">Andrew M. Herscowitz indic\u00f3 que la Agencia que dirige analiza las oportunidades para colaborar nuevamente en Gal\u00e1pagos, puesto que la USAID est\u00e1 planificando una estrategia para los pr\u00f3ximos cinco a\u00f1os.<\/p>\n<p style=\"text-align: justify;\">Durante la visita Naula explic\u00f3 al director de USAID el trabajo que la instituci\u00f3n realiza en el Centro de Monitoreo Satelital de las embarcaciones (foto inferior), que permite proteger la Reserva Marina de Gal\u00e1pagos de la incursi\u00f3n no autorizada de naves de pesca que ponen en riesgo a las especies \u00fanicas del archipi\u00e9lago.<\/p>\n","protected":false},"excerpt":{"rendered":"<p class=\"excerpt\">El titular de la Agencia de los Estados Unidos para el Desarrollo Internacional se reuni\u00f3 con directores para analizar estrategias de colaboraci\u00f3n. Andrew M. Herscowitz, director de la Agencia de los Estados Unidos para el Desarrollo Internacional (USAID), fue recibido por Edwin Naula, director del Parque Nacional Gal\u00e1pagos y otros funcionarios de la DPNG quienes explicaron el trabajo realizado en&hellip; <a href=\"https:\/\/www.ambienteyenergia.gob.ec\/ambiente\/galapagos-recibe-la-visita-del-director-de-la-usaid\/\">Read more &rarr;<\/a><\/p>\n","protected":false},"author":13,"featured_media":9018,"comment_status":"open","ping_status":"open","sticky":false,"template":"","format":"standard","meta":{"footnotes":""},"categories":[16,4],"tags":[],"class_list":["post-9017","post","type-post","status-publish","format-standard","has-post-thumbnail","hentry","category-comunicamos","category-noticias","xfolkentry"],"_links":{"self":[{"href":"https:\/\/www.ambienteyenergia.gob.ec\/ambiente\/wp-json\/wp\/v2\/posts\/9017","targetHints":{"allow":["GET"]}}],"collection":[{"href":"https:\/\/www.ambienteyenergia.gob.ec\/ambiente\/wp-json\/wp\/v2\/posts"}],"about":[{"href":"https:\/\/www.ambienteyenergia.gob.ec\/ambiente\/wp-json\/wp\/v2\/types\/post"}],"author":[{"embeddable":true,"href":"https:\/\/www.ambienteyenergia.gob.ec\/ambiente\/wp-json\/wp\/v2\/users\/13"}],"replies":[{"embeddable":true,"href":"https:\/\/www.ambienteyenergia.gob.ec\/ambiente\/wp-json\/wp\/v2\/comments?post=9017"}],"version-history":[{"count":0,"href":"https:\/\/www.ambienteyenergia.gob.ec\/ambiente\/wp-json\/wp\/v2\/posts\/9017\/revisions"}],"wp:featuredmedia":[{"embeddable":true,"href":"https:\/\/www.ambienteyenergia.gob.ec\/ambiente\/wp-json\/wp\/v2\/media\/9018"}],"wp:attachment":[{"href":"https:\/\/www.ambienteyenergia.gob.ec\/ambiente\/wp-json\/wp\/v2\/media?parent=9017"}],"wp:term":[{"taxonomy":"category","embeddable":true,"href":"https:\/\/www.ambienteyenergia.gob.ec\/ambiente\/wp-json\/wp\/v2\/categories?post=9017"},{"taxonomy":"post_tag","embeddable":true,"href":"https:\/\/www.ambienteyenergia.gob.ec\/ambiente\/wp-json\/wp\/v2\/tags?post=9017"}],"curies":[{"name":"wp","href":"https:\/\/api.w.org\/{rel}","templated":true}]}}