{"id":9011,"date":"2013-01-25T10:07:39","date_gmt":"2013-01-25T15:07:39","guid":{"rendered":"http:\/\/www.ambiente.gob.ec\/?p=9011"},"modified":"2013-01-30T12:23:44","modified_gmt":"2013-01-30T17:23:44","slug":"mae-establece-acuerdos-limitrofes-con-comunidades-de-napo-y-orellana","status":"publish","type":"post","link":"https:\/\/www.ambienteyenergia.gob.ec\/ambiente\/mae-establece-acuerdos-limitrofes-con-comunidades-de-napo-y-orellana\/","title":{"rendered":"MAE establece acuerdos lim\u00edtrofes con Comunidades de Napo y  Orellana"},"content":{"rendered":"<p style=\"text-align: justify;\">El Parque Nacional Sumaco Napo Galeras, lim\u00edtrofe con el Bosque Protector Cerro Sumaco y ubicado en las provincias de Napo y Orellana, es el lugar de asentamiento de las comunidades ancestrales kichwas R\u00edo Guacamayos y Chacayacu.<\/p>\n<p style=\"text-align: justify;\">Estos pueblos presentan conflictos de tierras desde hace mas de 10 a\u00f1os, situaci\u00f3n que afecta el uso de los recursos naturales del sector.<\/p>\n<p style=\"text-align: justify;\">Por este motivo, el Ministerio del Ambiente (MAE), a trav\u00e9s de las Direcciones Provinciales de Orellana y Napo, organizaron una reuni\u00f3n con las comunidades el d\u00eda mi\u00e9rcoles 23 de enero, con la finalidad de conciliar soluciones.<\/p>\n<p style=\"text-align: justify;\">Entre los participantes estuvieron t\u00e9cnicos de las respectivas Direcciones Provinciales, el Teniente Pol\u00edtico de Napo y 50 participantes de las comunidades. La cita instaur\u00f3 un acuerdo para que personal del MAE, MAGAP y la Subsecretar\u00eda de Tierras procedan con el an\u00e1lisis respectivo y la explicaci\u00f3n del proceso de adjudicaci\u00f3n.<\/p>\n<p style=\"text-align: justify;\">Durante la reuni\u00f3n se determinaron l\u00edmites, donde las comunidades cedieron el 50% cada una. Para legitimar este acuerdo el pr\u00f3ximo 31 de enero firmar\u00e1n las respectivas actas en la notar\u00eda del Puyo. Con esto se espera que cada comunidad continu\u00e9 el proceso de legalizaci\u00f3n de sus tierras.<\/p>\n<p style=\"text-align: justify;\">Este documento facilitar\u00e1 el pedido de varios beneficios como son pr\u00e9stamos, incentivos, apoyo de diferentes organismos gubernamentales y ONGS.<\/p>\n","protected":false},"excerpt":{"rendered":"<p class=\"excerpt\">El Parque Nacional Sumaco Napo Galeras, lim\u00edtrofe con el Bosque Protector Cerro Sumaco y ubicado en las provincias de Napo y Orellana, es el lugar de asentamiento de las comunidades ancestrales kichwas R\u00edo Guacamayos y Chacayacu. Estos pueblos presentan conflictos de tierras desde hace mas de 10 a\u00f1os, situaci\u00f3n que afecta el uso de los recursos naturales del sector. Por&hellip; <a href=\"https:\/\/www.ambienteyenergia.gob.ec\/ambiente\/mae-establece-acuerdos-limitrofes-con-comunidades-de-napo-y-orellana\/\">Read more &rarr;<\/a><\/p>\n","protected":false},"author":13,"featured_media":0,"comment_status":"open","ping_status":"open","sticky":false,"template":"","format":"standard","meta":{"footnotes":""},"categories":[16,4],"tags":[],"class_list":["post-9011","post","type-post","status-publish","format-standard","hentry","category-comunicamos","category-noticias","xfolkentry"],"_links":{"self":[{"href":"https:\/\/www.ambienteyenergia.gob.ec\/ambiente\/wp-json\/wp\/v2\/posts\/9011","targetHints":{"allow":["GET"]}}],"collection":[{"href":"https:\/\/www.ambienteyenergia.gob.ec\/ambiente\/wp-json\/wp\/v2\/posts"}],"about":[{"href":"https:\/\/www.ambienteyenergia.gob.ec\/ambiente\/wp-json\/wp\/v2\/types\/post"}],"author":[{"embeddable":true,"href":"https:\/\/www.ambienteyenergia.gob.ec\/ambiente\/wp-json\/wp\/v2\/users\/13"}],"replies":[{"embeddable":true,"href":"https:\/\/www.ambienteyenergia.gob.ec\/ambiente\/wp-json\/wp\/v2\/comments?post=9011"}],"version-history":[{"count":0,"href":"https:\/\/www.ambienteyenergia.gob.ec\/ambiente\/wp-json\/wp\/v2\/posts\/9011\/revisions"}],"wp:attachment":[{"href":"https:\/\/www.ambienteyenergia.gob.ec\/ambiente\/wp-json\/wp\/v2\/media?parent=9011"}],"wp:term":[{"taxonomy":"category","embeddable":true,"href":"https:\/\/www.ambienteyenergia.gob.ec\/ambiente\/wp-json\/wp\/v2\/categories?post=9011"},{"taxonomy":"post_tag","embeddable":true,"href":"https:\/\/www.ambienteyenergia.gob.ec\/ambiente\/wp-json\/wp\/v2\/tags?post=9011"}],"curies":[{"name":"wp","href":"https:\/\/api.w.org\/{rel}","templated":true}]}}