{"id":9005,"date":"2013-01-25T09:51:49","date_gmt":"2013-01-25T14:51:49","guid":{"rendered":"http:\/\/www.ambiente.gob.ec\/?p=9005"},"modified":"2013-01-25T10:37:05","modified_gmt":"2013-01-25T15:37:05","slug":"mae-imparte-conferencia-de-manejo-integral-de-los-desechos-solidos-en-bolivar","status":"publish","type":"post","link":"https:\/\/www.ambienteyenergia.gob.ec\/ambiente\/mae-imparte-conferencia-de-manejo-integral-de-los-desechos-solidos-en-bolivar\/","title":{"rendered":"MAE imparte conferencia de Manejo Integral de los Desechos S\u00f3lidos en Bol\u00edvar"},"content":{"rendered":"<p style=\"text-align: justify;\">El Ministerio del Ambiente (MAE), a trav\u00e9s de su Direcci\u00f3n Provincial de Bol\u00edvar, el lunes 21 de enero del 2013 a las 11:30, realiz\u00f3 una conferencia sobre el Manejo Integral de los Desechos S\u00f3lidos.<\/p>\n<p style=\"text-align: justify;\">El evento se efectu\u00f3 en la Unidad Educativa Galo Plaza (cant\u00f3n Echeand\u00eda), donde participaron 100 alumnos que cursan el octavo a\u00f1o de educaci\u00f3n B\u00e1sica y algunos docentes.<\/p>\n<p style=\"text-align: justify;\">Dar\u00edo Ortega y Cristian Garc\u00eda, funcionarios del MAE, debatieron importantes temas con el objetivo de transmitir una Cultura Ambiental en los j\u00f3venes, para el manejo adecuado de los desechos s\u00f3lidos.<\/p>\n<p style=\"text-align: justify;\">Asimismo, el Programa Nacional para la Gesti\u00f3n Integral de los Desechos S\u00f3lidos (PNGIDS), entreg\u00f3 a los participantes souvenirs (esferos reciclados, pulseras y bolsos re-utilizables), con el fin de promover el cuidado del Ambiente.<\/p>\n","protected":false},"excerpt":{"rendered":"<p class=\"excerpt\">El Ministerio del Ambiente (MAE), a trav\u00e9s de su Direcci\u00f3n Provincial de Bol\u00edvar, el lunes 21 de enero del 2013 a las 11:30, realiz\u00f3 una conferencia sobre el Manejo Integral de los Desechos S\u00f3lidos. El evento se efectu\u00f3 en la Unidad Educativa Galo Plaza (cant\u00f3n Echeand\u00eda), donde participaron 100 alumnos que cursan el octavo a\u00f1o de educaci\u00f3n B\u00e1sica y algunos&hellip; <a href=\"https:\/\/www.ambienteyenergia.gob.ec\/ambiente\/mae-imparte-conferencia-de-manejo-integral-de-los-desechos-solidos-en-bolivar\/\">Read more &rarr;<\/a><\/p>\n","protected":false},"author":13,"featured_media":9006,"comment_status":"open","ping_status":"open","sticky":false,"template":"","format":"standard","meta":{"footnotes":""},"categories":[16,4],"tags":[180,92,53,191],"class_list":["post-9005","post","type-post","status-publish","format-standard","has-post-thumbnail","hentry","category-comunicamos","category-noticias","tag-bolivar","tag-desechos-solidos","tag-mae","tag-minsterio-del-ambiente","xfolkentry"],"_links":{"self":[{"href":"https:\/\/www.ambienteyenergia.gob.ec\/ambiente\/wp-json\/wp\/v2\/posts\/9005","targetHints":{"allow":["GET"]}}],"collection":[{"href":"https:\/\/www.ambienteyenergia.gob.ec\/ambiente\/wp-json\/wp\/v2\/posts"}],"about":[{"href":"https:\/\/www.ambienteyenergia.gob.ec\/ambiente\/wp-json\/wp\/v2\/types\/post"}],"author":[{"embeddable":true,"href":"https:\/\/www.ambienteyenergia.gob.ec\/ambiente\/wp-json\/wp\/v2\/users\/13"}],"replies":[{"embeddable":true,"href":"https:\/\/www.ambienteyenergia.gob.ec\/ambiente\/wp-json\/wp\/v2\/comments?post=9005"}],"version-history":[{"count":0,"href":"https:\/\/www.ambienteyenergia.gob.ec\/ambiente\/wp-json\/wp\/v2\/posts\/9005\/revisions"}],"wp:featuredmedia":[{"embeddable":true,"href":"https:\/\/www.ambienteyenergia.gob.ec\/ambiente\/wp-json\/wp\/v2\/media\/9006"}],"wp:attachment":[{"href":"https:\/\/www.ambienteyenergia.gob.ec\/ambiente\/wp-json\/wp\/v2\/media?parent=9005"}],"wp:term":[{"taxonomy":"category","embeddable":true,"href":"https:\/\/www.ambienteyenergia.gob.ec\/ambiente\/wp-json\/wp\/v2\/categories?post=9005"},{"taxonomy":"post_tag","embeddable":true,"href":"https:\/\/www.ambienteyenergia.gob.ec\/ambiente\/wp-json\/wp\/v2\/tags?post=9005"}],"curies":[{"name":"wp","href":"https:\/\/api.w.org\/{rel}","templated":true}]}}