{"id":8999,"date":"2013-01-25T08:36:28","date_gmt":"2013-01-25T13:36:28","guid":{"rendered":"http:\/\/www.ambiente.gob.ec\/?p=8999"},"modified":"2013-01-25T08:39:09","modified_gmt":"2013-01-25T13:39:09","slug":"mae-realizo-taller-de-cambio-climatico-y-economia","status":"publish","type":"post","link":"https:\/\/www.ambienteyenergia.gob.ec\/ambiente\/mae-realizo-taller-de-cambio-climatico-y-economia\/","title":{"rendered":"MAE realiz\u00f3 taller de Cambio Clim\u00e1tico y Econom\u00eda"},"content":{"rendered":"<p style=\"text-align: justify;\">El Ministerio del Ambiente (MAE), a trav\u00e9s del Proyecto de Adaptaci\u00f3n al Impacto del Retroceso Acelerado de Glaciares en los Andes Tropicales (PRAA) de la Subsecretaria de Cambio Clim\u00e1tico, realiza en Quito los d\u00edas 22, 23 y 24 de enero el taller \u201cEvaluaci\u00f3n Econ\u00f3mica: Cambio Clim\u00e1tico y Retroceso Glaciar\u201d.<\/p>\n<p style=\"text-align: justify;\">En la cita participaron t\u00e9cnicos especialistas de diferentes proyectos de adaptaci\u00f3n del MAE, representantes de gobiernos aut\u00f3nomos descentralizados y miembros de la Empresa Metropolitana de Agua Potable de Quito.<\/p>\n<p style=\"text-align: justify;\">Al inaugurar las jornadas de trabajo, Carola Borja, Subsecretaria de Cambio Clim\u00e1tico del MAE, se\u00f1al\u00f3 que a escala regional son grandes las expectativas que se tienen sobre la consolidaci\u00f3n de metodolog\u00edas comunes que permitan la estimaci\u00f3n y medici\u00f3n de los impactos del cambio clim\u00e1tico y el consecuente retroceso glaciar.<\/p>\n<p style=\"text-align: justify;\">\u00abA nivel nacional estas perspectivas son igualmente trascendentes, esperamos que el PRAA se constituya en agente impulsor en la aplicaci\u00f3n de m\u00e9todos concretos para la evaluaci\u00f3n de los efectos econ\u00f3micos del cambio clim\u00e1tico\u00bb, dijo.<\/p>\n<p style=\"text-align: justify;\">El curso, ya impartido en Per\u00fa y Bolivia, busca desarrollar conocimientos y capacidades entre los actores claves, autoridades y t\u00e9cnicos de las instituciones participantes, sobre metodolog\u00edas para la estimaci\u00f3n de las implicaciones econ\u00f3micas del cambio clim\u00e1tico y retroceso de glaciares en los Andes tropicales.<\/p>\n<p style=\"text-align: justify;\">La metodolog\u00eda te\u00f3rico \u2013 pr\u00e1ctica impartida estuvo dedicada a presentar los principios t\u00e9cnicos fundamentales y espec\u00edficos para llevar a cabo un estudio de impactos econ\u00f3micos de cambio clim\u00e1tico en diez pasos estandarizados.<\/p>\n<p style=\"text-align: justify;\">Lykke Andersen, Directora del Centro de Modelaci\u00f3n y An\u00e1lisis Econ\u00f3mico \u2013 Ambiental (CEEMA) y coordinadora de varios estudios sobre la econom\u00eda del cambio clim\u00e1tico, recalc\u00f3 que es importante entender la complejidad del tema y establecer medidas y pol\u00edticas de adaptaci\u00f3n adecuadas.<\/p>\n<p style=\"text-align: justify;\"><strong>Antecedentes del PRAA<\/strong><\/p>\n<p style=\"text-align: justify;\">El PRAA es un proyecto regional que lleva a cabo el an\u00e1lisis t\u00e9cnico y cient\u00edfico de los procesos de adaptaci\u00f3n al cambio clim\u00e1tico y el retroceso glaciar en ecosistemas alto andinos con relevancia econ\u00f3mica y estrat\u00e9gica a nivel nacional, es aplicado en Bolivia, Ecuador y Per\u00fa. Al momento, el Ecuador levanta la informaci\u00f3n del retroceso del glaciar en el Volc\u00e1n Antisana.<\/p>\n","protected":false},"excerpt":{"rendered":"<p class=\"excerpt\">El Ministerio del Ambiente (MAE), a trav\u00e9s del Proyecto de Adaptaci\u00f3n al Impacto del Retroceso Acelerado de Glaciares en los Andes Tropicales (PRAA) de la Subsecretaria de Cambio Clim\u00e1tico, realiza en Quito los d\u00edas 22, 23 y 24 de enero el taller \u201cEvaluaci\u00f3n Econ\u00f3mica: Cambio Clim\u00e1tico y Retroceso Glaciar\u201d. En la cita participaron t\u00e9cnicos especialistas de diferentes proyectos de adaptaci\u00f3n&hellip; <a href=\"https:\/\/www.ambienteyenergia.gob.ec\/ambiente\/mae-realizo-taller-de-cambio-climatico-y-economia\/\">Read more &rarr;<\/a><\/p>\n","protected":false},"author":13,"featured_media":9003,"comment_status":"open","ping_status":"open","sticky":false,"template":"","format":"standard","meta":{"footnotes":""},"categories":[16,4],"tags":[],"class_list":["post-8999","post","type-post","status-publish","format-standard","has-post-thumbnail","hentry","category-comunicamos","category-noticias","xfolkentry"],"_links":{"self":[{"href":"https:\/\/www.ambienteyenergia.gob.ec\/ambiente\/wp-json\/wp\/v2\/posts\/8999","targetHints":{"allow":["GET"]}}],"collection":[{"href":"https:\/\/www.ambienteyenergia.gob.ec\/ambiente\/wp-json\/wp\/v2\/posts"}],"about":[{"href":"https:\/\/www.ambienteyenergia.gob.ec\/ambiente\/wp-json\/wp\/v2\/types\/post"}],"author":[{"embeddable":true,"href":"https:\/\/www.ambienteyenergia.gob.ec\/ambiente\/wp-json\/wp\/v2\/users\/13"}],"replies":[{"embeddable":true,"href":"https:\/\/www.ambienteyenergia.gob.ec\/ambiente\/wp-json\/wp\/v2\/comments?post=8999"}],"version-history":[{"count":0,"href":"https:\/\/www.ambienteyenergia.gob.ec\/ambiente\/wp-json\/wp\/v2\/posts\/8999\/revisions"}],"wp:featuredmedia":[{"embeddable":true,"href":"https:\/\/www.ambienteyenergia.gob.ec\/ambiente\/wp-json\/wp\/v2\/media\/9003"}],"wp:attachment":[{"href":"https:\/\/www.ambienteyenergia.gob.ec\/ambiente\/wp-json\/wp\/v2\/media?parent=8999"}],"wp:term":[{"taxonomy":"category","embeddable":true,"href":"https:\/\/www.ambienteyenergia.gob.ec\/ambiente\/wp-json\/wp\/v2\/categories?post=8999"},{"taxonomy":"post_tag","embeddable":true,"href":"https:\/\/www.ambienteyenergia.gob.ec\/ambiente\/wp-json\/wp\/v2\/tags?post=8999"}],"curies":[{"name":"wp","href":"https:\/\/api.w.org\/{rel}","templated":true}]}}