{"id":8990,"date":"2013-01-24T15:39:27","date_gmt":"2013-01-24T20:39:27","guid":{"rendered":"http:\/\/www.ambiente.gob.ec\/?p=8990"},"modified":"2013-01-24T16:28:08","modified_gmt":"2013-01-24T21:28:08","slug":"punto-verde-entrega-una-nueva-bicicleta","status":"publish","type":"post","link":"https:\/\/www.ambienteyenergia.gob.ec\/ambiente\/punto-verde-entrega-una-nueva-bicicleta\/","title":{"rendered":"Punto Verde entrega una nueva bicicleta"},"content":{"rendered":"<p style=\"text-align: justify;\">En las instalaciones del Ministerio del Ambiente (MAE) en Quito se realiz\u00f3 la entrega de una bicicleta a Carla Daniela Taco, de 15 a\u00f1os de edad, por ser la ganadora del concurso virtual de Promoci\u00f3n de \u00c1reas Protegidas \u00abPunto Verde\u00bb, que realiza esta Cartera de Estado, a trav\u00e9s de Facebook.<\/p>\n<p style=\"text-align: justify;\">La peque\u00f1a expres\u00f3 su agradecimiento y reconoci\u00f3 que es una gammer adicta a Punto Verde. \u00abMi \u00c1rea favorita es la del Parque Nacional Cotopaxi, en FB ya tengo muchos recursos y miles de visitantes y amigos\u00bb.<\/p>\n<p style=\"text-align: justify;\">En el acto estuvo su t\u00eda, Mar\u00eda Sagual\u00edn, que sorprendida felicit\u00f3 a su sobrina por sus nuevas dos ruedas. \u00abEstas iniciativa no solo muestra lo valioso de la naturaleza ecuatoriana, sino que premia por aprender\u00bb, concluy\u00f3.<\/p>\n<p style=\"text-align: justify;\"><strong>La foto:<\/strong><\/p>\n<p style=\"text-align: justify;\"><a href=\"http:\/\/www.ambienteyenergia.gob.ec\/ambiente\/wp-content\/uploads\/2013\/01\/bici2.jpg\"><img loading=\"lazy\" decoding=\"async\" class=\"aligncenter size-full wp-image-8992\" title=\"bici2\" src=\"http:\/\/www.ambienteyenergia.gob.ec\/ambiente\/wp-content\/uploads\/2013\/01\/bici2.jpg\" alt=\"\" width=\"650\" height=\"387\" srcset=\"https:\/\/www.ambienteyenergia.gob.ec\/ambiente\/wp-content\/uploads\/sites\/2\/2013\/01\/bici2.jpg 650w, https:\/\/www.ambienteyenergia.gob.ec\/ambiente\/wp-content\/uploads\/sites\/2\/2013\/01\/bici2-300x178.jpg 300w, https:\/\/www.ambienteyenergia.gob.ec\/ambiente\/wp-content\/uploads\/sites\/2\/2013\/01\/bici2-500x297.jpg 500w\" sizes=\"auto, (max-width: 650px) 100vw, 650px\" \/><\/a><\/p>\n","protected":false},"excerpt":{"rendered":"<p class=\"excerpt\">En las instalaciones del Ministerio del Ambiente (MAE) en Quito se realiz\u00f3 la entrega de una bicicleta a Carla Daniela Taco, de 15 a\u00f1os de edad, por ser la ganadora del concurso virtual de Promoci\u00f3n de \u00c1reas Protegidas \u00abPunto Verde\u00bb, que realiza esta Cartera de Estado, a trav\u00e9s de Facebook. La peque\u00f1a expres\u00f3 su agradecimiento y reconoci\u00f3 que es una&hellip; <a href=\"https:\/\/www.ambienteyenergia.gob.ec\/ambiente\/punto-verde-entrega-una-nueva-bicicleta\/\">Read more &rarr;<\/a><\/p>\n","protected":false},"author":13,"featured_media":8991,"comment_status":"open","ping_status":"open","sticky":false,"template":"","format":"standard","meta":{"footnotes":""},"categories":[16,4],"tags":[],"class_list":["post-8990","post","type-post","status-publish","format-standard","has-post-thumbnail","hentry","category-comunicamos","category-noticias","xfolkentry"],"_links":{"self":[{"href":"https:\/\/www.ambienteyenergia.gob.ec\/ambiente\/wp-json\/wp\/v2\/posts\/8990","targetHints":{"allow":["GET"]}}],"collection":[{"href":"https:\/\/www.ambienteyenergia.gob.ec\/ambiente\/wp-json\/wp\/v2\/posts"}],"about":[{"href":"https:\/\/www.ambienteyenergia.gob.ec\/ambiente\/wp-json\/wp\/v2\/types\/post"}],"author":[{"embeddable":true,"href":"https:\/\/www.ambienteyenergia.gob.ec\/ambiente\/wp-json\/wp\/v2\/users\/13"}],"replies":[{"embeddable":true,"href":"https:\/\/www.ambienteyenergia.gob.ec\/ambiente\/wp-json\/wp\/v2\/comments?post=8990"}],"version-history":[{"count":0,"href":"https:\/\/www.ambienteyenergia.gob.ec\/ambiente\/wp-json\/wp\/v2\/posts\/8990\/revisions"}],"wp:featuredmedia":[{"embeddable":true,"href":"https:\/\/www.ambienteyenergia.gob.ec\/ambiente\/wp-json\/wp\/v2\/media\/8991"}],"wp:attachment":[{"href":"https:\/\/www.ambienteyenergia.gob.ec\/ambiente\/wp-json\/wp\/v2\/media?parent=8990"}],"wp:term":[{"taxonomy":"category","embeddable":true,"href":"https:\/\/www.ambienteyenergia.gob.ec\/ambiente\/wp-json\/wp\/v2\/categories?post=8990"},{"taxonomy":"post_tag","embeddable":true,"href":"https:\/\/www.ambienteyenergia.gob.ec\/ambiente\/wp-json\/wp\/v2\/tags?post=8990"}],"curies":[{"name":"wp","href":"https:\/\/api.w.org\/{rel}","templated":true}]}}