{"id":8981,"date":"2013-01-24T12:43:29","date_gmt":"2013-01-24T17:43:29","guid":{"rendered":"http:\/\/www.ambiente.gob.ec\/?p=8981"},"modified":"2013-01-24T12:43:37","modified_gmt":"2013-01-24T17:43:37","slug":"mae-capacita-a-guias-nativos-de-isla-santay","status":"publish","type":"post","link":"https:\/\/www.ambienteyenergia.gob.ec\/ambiente\/mae-capacita-a-guias-nativos-de-isla-santay\/","title":{"rendered":"MAE capacita a gu\u00edas nativos de Isla Santay"},"content":{"rendered":"<p style=\"text-align: justify;\">El Ministerio del Ambiente (MAE), a trav\u00e9s de la Subsecretar\u00eda de Gesti\u00f3n Marina y Costera (SGMC), la Empresa P\u00fablica de Parques Naturales y Espacios P\u00fablicos, y el Ministerio de Turismo (Mintur) capacitan a los gu\u00edas nativos de la Isla Santay en t\u00e9cnicas indispensables para reforzar el turismo ecol\u00f3gico y el desarrollo sostenible y sustentable.<\/p>\n<p style=\"text-align: justify;\">La semana pasada, los 15 gu\u00edas beneficiarios fueron capacitados en conocimientos b\u00e1sicos de ecolog\u00eda, fauna de Santay, relaciones humanas y trato al turista.<\/p>\n<p style=\"text-align: justify;\">Durante esta semana, recibir\u00e1n instrucci\u00f3n en t\u00e9cnicas de guianza y manejo grupal, flora de Santay, energ\u00eda renovable, contaminaci\u00f3n ambiental, y servicio de restaurante y comidas r\u00e1pidas, tanto en lo te\u00f3rico como en lo pr\u00e1ctico.<\/p>\n<p style=\"text-align: justify;\">La pr\u00f3xima semana continuar\u00e1n con t\u00e9cnicas de expresi\u00f3n corporal y oral, elaboraci\u00f3n de un gui\u00f3n tur\u00edstico, avifauna de Santay, \u00e1reas protegidas del Ecuador \u2013 Humedales. Los talleres concluir\u00e1n con una pr\u00e1ctica supervisada de guia a grupos tur\u00edsticos.<\/p>\n<p style=\"text-align: justify;\"><strong>Las fotos:<\/strong><\/p>\n<div id='gallery-1' class='gallery galleryid-8981 gallery-columns-3 gallery-size-thumbnail'><dl class='gallery-item'>\n\t\t\t<dt class='gallery-icon landscape'>\n\t\t\t\t<a href='https:\/\/www.ambienteyenergia.gob.ec\/ambiente\/mae-capacita-a-guias-nativos-de-isla-santay\/3-12\/'><img loading=\"lazy\" decoding=\"async\" width=\"150\" height=\"150\" src=\"https:\/\/www.ambienteyenergia.gob.ec\/ambiente\/wp-content\/uploads\/sites\/2\/2013\/01\/38-150x150.jpg\" class=\"attachment-thumbnail size-thumbnail\" alt=\"\" \/><\/a>\n\t\t\t<\/dt><\/dl><dl class='gallery-item'>\n\t\t\t<dt class='gallery-icon landscape'>\n\t\t\t\t<a href='https:\/\/www.ambienteyenergia.gob.ec\/ambiente\/mae-capacita-a-guias-nativos-de-isla-santay\/1-26\/'><img loading=\"lazy\" decoding=\"async\" width=\"150\" height=\"150\" src=\"https:\/\/www.ambienteyenergia.gob.ec\/ambiente\/wp-content\/uploads\/sites\/2\/2013\/01\/114-150x150.jpg\" class=\"attachment-thumbnail size-thumbnail\" alt=\"\" \/><\/a>\n\t\t\t<\/dt><\/dl><dl class='gallery-item'>\n\t\t\t<dt class='gallery-icon landscape'>\n\t\t\t\t<a href='https:\/\/www.ambienteyenergia.gob.ec\/ambiente\/mae-capacita-a-guias-nativos-de-isla-santay\/2-18\/'><img loading=\"lazy\" decoding=\"async\" width=\"150\" height=\"150\" src=\"https:\/\/www.ambienteyenergia.gob.ec\/ambiente\/wp-content\/uploads\/sites\/2\/2013\/01\/29-150x150.jpg\" class=\"attachment-thumbnail size-thumbnail\" alt=\"\" \/><\/a>\n\t\t\t<\/dt><\/dl><br style=\"clear: both\" \/><dl class='gallery-item'>\n\t\t\t<dt class='gallery-icon landscape'>\n\t\t\t\t<a href='https:\/\/www.ambienteyenergia.gob.ec\/ambiente\/mae-capacita-a-guias-nativos-de-isla-santay\/3-13\/'><img loading=\"lazy\" decoding=\"async\" width=\"150\" height=\"150\" src=\"https:\/\/www.ambienteyenergia.gob.ec\/ambiente\/wp-content\/uploads\/sites\/2\/2013\/01\/39-150x150.jpg\" class=\"attachment-thumbnail size-thumbnail\" alt=\"\" \/><\/a>\n\t\t\t<\/dt><\/dl>\n\t\t\t<br style='clear: both' \/>\n\t\t<\/div>\n\n","protected":false},"excerpt":{"rendered":"<p class=\"excerpt\">El Ministerio del Ambiente (MAE), a trav\u00e9s de la Subsecretar\u00eda de Gesti\u00f3n Marina y Costera (SGMC), la Empresa P\u00fablica de Parques Naturales y Espacios P\u00fablicos, y el Ministerio de Turismo (Mintur) capacitan a los gu\u00edas nativos de la Isla Santay en t\u00e9cnicas indispensables para reforzar el turismo ecol\u00f3gico y el desarrollo sostenible y sustentable. La semana pasada, los 15 gu\u00edas&hellip; <a href=\"https:\/\/www.ambienteyenergia.gob.ec\/ambiente\/mae-capacita-a-guias-nativos-de-isla-santay\/\">Read more &rarr;<\/a><\/p>\n","protected":false},"author":13,"featured_media":8982,"comment_status":"open","ping_status":"open","sticky":false,"template":"","format":"standard","meta":{"footnotes":""},"categories":[16,4],"tags":[],"class_list":["post-8981","post","type-post","status-publish","format-standard","has-post-thumbnail","hentry","category-comunicamos","category-noticias","xfolkentry"],"_links":{"self":[{"href":"https:\/\/www.ambienteyenergia.gob.ec\/ambiente\/wp-json\/wp\/v2\/posts\/8981","targetHints":{"allow":["GET"]}}],"collection":[{"href":"https:\/\/www.ambienteyenergia.gob.ec\/ambiente\/wp-json\/wp\/v2\/posts"}],"about":[{"href":"https:\/\/www.ambienteyenergia.gob.ec\/ambiente\/wp-json\/wp\/v2\/types\/post"}],"author":[{"embeddable":true,"href":"https:\/\/www.ambienteyenergia.gob.ec\/ambiente\/wp-json\/wp\/v2\/users\/13"}],"replies":[{"embeddable":true,"href":"https:\/\/www.ambienteyenergia.gob.ec\/ambiente\/wp-json\/wp\/v2\/comments?post=8981"}],"version-history":[{"count":0,"href":"https:\/\/www.ambienteyenergia.gob.ec\/ambiente\/wp-json\/wp\/v2\/posts\/8981\/revisions"}],"wp:featuredmedia":[{"embeddable":true,"href":"https:\/\/www.ambienteyenergia.gob.ec\/ambiente\/wp-json\/wp\/v2\/media\/8982"}],"wp:attachment":[{"href":"https:\/\/www.ambienteyenergia.gob.ec\/ambiente\/wp-json\/wp\/v2\/media?parent=8981"}],"wp:term":[{"taxonomy":"category","embeddable":true,"href":"https:\/\/www.ambienteyenergia.gob.ec\/ambiente\/wp-json\/wp\/v2\/categories?post=8981"},{"taxonomy":"post_tag","embeddable":true,"href":"https:\/\/www.ambienteyenergia.gob.ec\/ambiente\/wp-json\/wp\/v2\/tags?post=8981"}],"curies":[{"name":"wp","href":"https:\/\/api.w.org\/{rel}","templated":true}]}}