{"id":8960,"date":"2013-01-23T16:37:52","date_gmt":"2013-01-23T21:37:52","guid":{"rendered":"http:\/\/www.ambiente.gob.ec\/?p=8960"},"modified":"2013-01-24T09:49:10","modified_gmt":"2013-01-24T14:49:10","slug":"los-efectos-del-cambio-climatico-son-visibles-en-nuestro-pais","status":"publish","type":"post","link":"https:\/\/www.ambienteyenergia.gob.ec\/ambiente\/los-efectos-del-cambio-climatico-son-visibles-en-nuestro-pais\/","title":{"rendered":"Los efectos del cambio clim\u00e1tico son visibles en nuestro pa\u00eds"},"content":{"rendered":"<p style=\"text-align: justify;\">\u201cYa no llueve como antes, ahora es distinto\u201d; \u201clas plantitas se est\u00e1n secando, ojal\u00e1 no se pierda mi siembra\u201d; comentaba do\u00f1a Gladis, agricultora de la zona de San Bartolom\u00e9 (Azuay).<\/p>\n<p style=\"text-align: justify;\">Mientras en la parroquia Victoria del Portete de la provincia de Azuay, se realizan los estudios para iniciar la construcci\u00f3n de reservorios, sistemas de riego y capacitaci\u00f3n a la comunidad, los pobladores de las comunidades de la parroquia San Bartolom\u00e9 ya cuentan con agua para riego.<\/p>\n<p style=\"text-align: justify;\">La Subsecretaria de Cambio Clim\u00e1tico, Carola Borja, presenci\u00f3 los resultados del trabajo obtenido hasta el momento, en Victoria del Portete y junto a la comunidad, coloc\u00f3 la primera piedra donde se realizar\u00e1n los trabajos t\u00e9cnicos para la construcci\u00f3n de reservorios de agua como medidas de adaptaci\u00f3n al cambio clim\u00e1tico.<\/p>\n<p style=\"text-align: justify;\">Los peque\u00f1os agricultores de San Bartolom\u00e9 (provincia de Azuay) muestran su preocupaci\u00f3n, porque sus cultivos se ven afectados ante la falta de lluvias en la zona. Existe una notoria variabilidad en el clima, los campesinos que tiempo atr\u00e1s ten\u00edan cierta planificaci\u00f3n sobre sus cultivos, actualmente ya no pueden realizar \u201cpron\u00f3sticos\u201d, raz\u00f3n por la cual el apoyo del Ministerio del Ambiente ha sido fundamental para disminuir su vulnerabilidad frente a eventos clim\u00e1ticos adversos como son las sequ\u00edas prolongadas en la zona.<\/p>\n<p style=\"text-align: justify;\">\u201cAhora es muy dif\u00edcil sembrar, porque en la \u00e9poca que debe llover est\u00e1 seco\u201d, agreg\u00f3 don Manuel. Ante este problema en el que los agricultores sienten los efectos del cambio clim\u00e1tico, el Ministerio del Ambiente, a trav\u00e9s del Proyecto de Adaptaci\u00f3n al Cambio Clim\u00e1tico (PACC) implementan medidas de adaptaci\u00f3n desde el 2009; arrojando resultados que benefician a las comunidades de las zonas rurales de varias provincias del pa\u00eds.<\/p>\n<p style=\"text-align: justify;\">En una primera fase, el proyecto se centr\u00f3 en la construcci\u00f3n de varios reservorios para la captaci\u00f3n de agua lluvia y de escorrent\u00eda, protecci\u00f3n de fuentes h\u00eddricas y capacitaci\u00f3n de las comunidades obteni\u00e9ndose resultados importantes y en una segunda fase se ha iniciado la construcci\u00f3n de sistemas de distribuci\u00f3n de agua para el riego y reforestaci\u00f3n.<\/p>\n<p style=\"text-align: justify;\">La implementaci\u00f3n de los proyectos mencionados, es el resultado del trabajo que se lleva a cabo en coordinaci\u00f3n con los Gobiernos Aut\u00f3nomos Decentralizados, el Gobierno Nacional y los organismos de cooperaci\u00f3n internacional como el Fondo Global Ambiental (GEF) y el Programa de las Naciones Unidas (PNUD).<\/p>\n<p style=\"text-align: justify;\"><strong>Dato:<\/strong><\/p>\n<p style=\"text-align: justify;\">Los estudios de vulnerabilidad del cambio clim\u00e1tico que se llevaron a cabo a\u00f1os atr\u00e1s, indican que las cuencas de los r\u00edos del centro sur del pa\u00eds est\u00e1n propensas a variaciones en los patrones normales del clima.<\/p>\n<p style=\"text-align: justify;\"><strong>Fotos:<\/strong><\/p>\n<div id='gallery-1' class='gallery galleryid-8960 gallery-columns-3 gallery-size-thumbnail'><dl class='gallery-item'>\n\t\t\t<dt class='gallery-icon landscape'>\n\t\t\t\t<a href='https:\/\/www.ambienteyenergia.gob.ec\/ambiente\/los-efectos-del-cambio-climatico-son-visibles-en-nuestro-pais\/portete\/'><img loading=\"lazy\" decoding=\"async\" width=\"150\" height=\"150\" src=\"https:\/\/www.ambienteyenergia.gob.ec\/ambiente\/wp-content\/uploads\/sites\/2\/2013\/01\/portete-150x150.jpg\" class=\"attachment-thumbnail size-thumbnail\" alt=\"\" \/><\/a>\n\t\t\t<\/dt><\/dl><dl class='gallery-item'>\n\t\t\t<dt class='gallery-icon landscape'>\n\t\t\t\t<a href='https:\/\/www.ambienteyenergia.gob.ec\/ambiente\/los-efectos-del-cambio-climatico-son-visibles-en-nuestro-pais\/1-24\/'><img loading=\"lazy\" decoding=\"async\" width=\"150\" height=\"150\" src=\"https:\/\/www.ambienteyenergia.gob.ec\/ambiente\/wp-content\/uploads\/sites\/2\/2013\/01\/113-150x150.jpg\" class=\"attachment-thumbnail size-thumbnail\" alt=\"\" \/><\/a>\n\t\t\t<\/dt><\/dl><dl class='gallery-item'>\n\t\t\t<dt class='gallery-icon landscape'>\n\t\t\t\t<a href='https:\/\/www.ambienteyenergia.gob.ec\/ambiente\/los-efectos-del-cambio-climatico-son-visibles-en-nuestro-pais\/2-17\/'><img loading=\"lazy\" decoding=\"async\" width=\"150\" height=\"150\" src=\"https:\/\/www.ambienteyenergia.gob.ec\/ambiente\/wp-content\/uploads\/sites\/2\/2013\/01\/28-150x150.jpg\" class=\"attachment-thumbnail size-thumbnail\" alt=\"\" \/><\/a>\n\t\t\t<\/dt><\/dl><br style=\"clear: both\" \/><dl class='gallery-item'>\n\t\t\t<dt class='gallery-icon landscape'>\n\t\t\t\t<a href='https:\/\/www.ambienteyenergia.gob.ec\/ambiente\/los-efectos-del-cambio-climatico-son-visibles-en-nuestro-pais\/3-11\/'><img loading=\"lazy\" decoding=\"async\" width=\"150\" height=\"150\" src=\"https:\/\/www.ambienteyenergia.gob.ec\/ambiente\/wp-content\/uploads\/sites\/2\/2013\/01\/37-150x150.jpg\" class=\"attachment-thumbnail size-thumbnail\" alt=\"\" \/><\/a>\n\t\t\t<\/dt><\/dl><dl class='gallery-item'>\n\t\t\t<dt class='gallery-icon landscape'>\n\t\t\t\t<a href='https:\/\/www.ambienteyenergia.gob.ec\/ambiente\/los-efectos-del-cambio-climatico-son-visibles-en-nuestro-pais\/4-12\/'><img loading=\"lazy\" decoding=\"async\" width=\"150\" height=\"150\" src=\"https:\/\/www.ambienteyenergia.gob.ec\/ambiente\/wp-content\/uploads\/sites\/2\/2013\/01\/48-150x150.jpg\" class=\"attachment-thumbnail size-thumbnail\" alt=\"\" \/><\/a>\n\t\t\t<\/dt><\/dl><dl class='gallery-item'>\n\t\t\t<dt class='gallery-icon landscape'>\n\t\t\t\t<a href='https:\/\/www.ambienteyenergia.gob.ec\/ambiente\/los-efectos-del-cambio-climatico-son-visibles-en-nuestro-pais\/5-10\/'><img loading=\"lazy\" decoding=\"async\" width=\"150\" height=\"150\" src=\"https:\/\/www.ambienteyenergia.gob.ec\/ambiente\/wp-content\/uploads\/sites\/2\/2013\/01\/58-150x150.jpg\" class=\"attachment-thumbnail size-thumbnail\" alt=\"\" \/><\/a>\n\t\t\t<\/dt><\/dl><br style=\"clear: both\" \/><dl class='gallery-item'>\n\t\t\t<dt class='gallery-icon landscape'>\n\t\t\t\t<a href='https:\/\/www.ambienteyenergia.gob.ec\/ambiente\/los-efectos-del-cambio-climatico-son-visibles-en-nuestro-pais\/6-8\/'><img loading=\"lazy\" decoding=\"async\" width=\"150\" height=\"150\" src=\"https:\/\/www.ambienteyenergia.gob.ec\/ambiente\/wp-content\/uploads\/sites\/2\/2013\/01\/67-150x150.jpg\" class=\"attachment-thumbnail size-thumbnail\" alt=\"\" \/><\/a>\n\t\t\t<\/dt><\/dl>\n\t\t\t<br style='clear: both' \/>\n\t\t<\/div>\n\n","protected":false},"excerpt":{"rendered":"<p class=\"excerpt\">\u201cYa no llueve como antes, ahora es distinto\u201d; \u201clas plantitas se est\u00e1n secando, ojal\u00e1 no se pierda mi siembra\u201d; comentaba do\u00f1a Gladis, agricultora de la zona de San Bartolom\u00e9 (Azuay). Mientras en la parroquia Victoria del Portete de la provincia de Azuay, se realizan los estudios para iniciar la construcci\u00f3n de reservorios, sistemas de riego y capacitaci\u00f3n a la comunidad,&hellip; <a href=\"https:\/\/www.ambienteyenergia.gob.ec\/ambiente\/los-efectos-del-cambio-climatico-son-visibles-en-nuestro-pais\/\">Read more &rarr;<\/a><\/p>\n","protected":false},"author":13,"featured_media":8961,"comment_status":"open","ping_status":"open","sticky":false,"template":"","format":"standard","meta":{"footnotes":""},"categories":[16,4],"tags":[],"class_list":["post-8960","post","type-post","status-publish","format-standard","has-post-thumbnail","hentry","category-comunicamos","category-noticias","xfolkentry"],"_links":{"self":[{"href":"https:\/\/www.ambienteyenergia.gob.ec\/ambiente\/wp-json\/wp\/v2\/posts\/8960","targetHints":{"allow":["GET"]}}],"collection":[{"href":"https:\/\/www.ambienteyenergia.gob.ec\/ambiente\/wp-json\/wp\/v2\/posts"}],"about":[{"href":"https:\/\/www.ambienteyenergia.gob.ec\/ambiente\/wp-json\/wp\/v2\/types\/post"}],"author":[{"embeddable":true,"href":"https:\/\/www.ambienteyenergia.gob.ec\/ambiente\/wp-json\/wp\/v2\/users\/13"}],"replies":[{"embeddable":true,"href":"https:\/\/www.ambienteyenergia.gob.ec\/ambiente\/wp-json\/wp\/v2\/comments?post=8960"}],"version-history":[{"count":0,"href":"https:\/\/www.ambienteyenergia.gob.ec\/ambiente\/wp-json\/wp\/v2\/posts\/8960\/revisions"}],"wp:featuredmedia":[{"embeddable":true,"href":"https:\/\/www.ambienteyenergia.gob.ec\/ambiente\/wp-json\/wp\/v2\/media\/8961"}],"wp:attachment":[{"href":"https:\/\/www.ambienteyenergia.gob.ec\/ambiente\/wp-json\/wp\/v2\/media?parent=8960"}],"wp:term":[{"taxonomy":"category","embeddable":true,"href":"https:\/\/www.ambienteyenergia.gob.ec\/ambiente\/wp-json\/wp\/v2\/categories?post=8960"},{"taxonomy":"post_tag","embeddable":true,"href":"https:\/\/www.ambienteyenergia.gob.ec\/ambiente\/wp-json\/wp\/v2\/tags?post=8960"}],"curies":[{"name":"wp","href":"https:\/\/api.w.org\/{rel}","templated":true}]}}