{"id":8954,"date":"2013-01-23T16:21:52","date_gmt":"2013-01-23T21:21:52","guid":{"rendered":"http:\/\/www.ambiente.gob.ec\/?p=8954"},"modified":"2013-01-23T16:43:49","modified_gmt":"2013-01-23T21:43:49","slug":"mision-blaustein-intercambia-experiencia-en-desarrollo-agricola-y-manejo-hidrico","status":"publish","type":"post","link":"https:\/\/www.ambienteyenergia.gob.ec\/ambiente\/mision-blaustein-intercambia-experiencia-en-desarrollo-agricola-y-manejo-hidrico\/","title":{"rendered":"Misi\u00f3n Blaustein intercambia experiencia en desarrollo agr\u00edcola y manejo h\u00eddrico"},"content":{"rendered":"<p style=\"text-align: justify;\"><em>T\u00e9cnicos de la Universidad Ben &#8211; Guri\u00f3n de Israel analizan con autoridades de Gal\u00e1pagos y secretar\u00edas de Estado desarrollo de procesos productivos.<\/em><\/p>\n<p style=\"text-align: justify;\">Desde el 17 de enero hasta fin de mes, cinco t\u00e9cnicos del Instituto Blaustein de la Universidad Ben &#8211; Guri\u00f3n de Israel visitan Gal\u00e1pagos, para intercambiar experiencias de manejo de ecosistemas naturales protegidos que guardan relaci\u00f3n directa con procesos productivos como la agricultura y maricultura.<\/p>\n<p style=\"text-align: justify;\">A su llegada, los t\u00e9cnicos Ariel Novoplansky, Uriel Safriel, Noam Weisbord, Alon Ben-Gal y Aliza Fleisher se reunieron con funcionarios de la Direcci\u00f3n del Parque Nacional Gal\u00e1pagos (DPNG), Consejo de Gobierno de Gal\u00e1pagos, Ministerio de Agricultura, Ganader\u00eda, Acuacultura y Pesca (Magap), Agencia de Bioseguridad para Gal\u00e1pagos (ABG) y Municipio de Santa Cruz, para analizar los sistemas de abastecimiento de productos, la situaci\u00f3n del agua en las islas; as\u00ed como la problem\u00e1tica y logros sobre las especies invasoras en las \u00e1reas protegidas.<\/p>\n<p style=\"text-align: justify;\">Los integrantes de la misi\u00f3n Blaustein expusieron la experiencia en investigaci\u00f3n, ciencia y tecnolog\u00eda aplicada al desarrollo agr\u00edcola y manejo de recursos h\u00eddricos en Israel, que ha permitido desarrollar con \u00e9xito la producci\u00f3n agr\u00edcola de productos no tradicionales utilizando aguas tratadas y aguas desalinizadas; adem\u00e1s presentaron los riesgos y potencialidades del tema de maricultura tras la experiencia de ese estado.<\/p>\n<p style=\"text-align: justify;\">La visita organizada por la Direcci\u00f3n del Parque Nacional Gal\u00e1pagos y el Ministerio del Ambiente, que es punto focal de las convenciones de: cambio clim\u00e1tico, lucha contra la desertificaci\u00f3n, degradaci\u00f3n de tierra y sequ\u00eda y biodiversidad, es el resultado de las reuniones con el punto focal del convenio de desertificaci\u00f3n de Israel.<\/p>\n<p style=\"text-align: justify;\">El intercambio de experiencias permitir\u00e1 construir una agenda de gesti\u00f3n conjunta entre las autoridades locales de Gal\u00e1pagos y las entidades nacionales rectoras de la Pol\u00edtica P\u00fablica de Ciencia, Agricultura y Ambiente.<\/p>\n<p style=\"text-align: justify;\">La delegaci\u00f3n tambi\u00e9n plante\u00f3 la posibilidad de crear una propuesta educativa, esta permitir\u00e1 que j\u00f3venes universitarios y estudiantes locales puedan aplicar a los beneficios que presta la universidad Ben &#8211; Guri\u00f3n de Israel.<\/p>\n<p style=\"text-align: justify;\"><strong>La foto<\/strong>:<\/p>\n<p style=\"text-align: justify;\"><a href=\"http:\/\/www.ambienteyenergia.gob.ec\/ambiente\/wp-content\/uploads\/2013\/01\/galapagos12.jpg\"><img loading=\"lazy\" decoding=\"async\" class=\"aligncenter size-full wp-image-8955\" title=\"galapagos1\" src=\"http:\/\/www.ambienteyenergia.gob.ec\/ambiente\/wp-content\/uploads\/2013\/01\/galapagos12.jpg\" alt=\"\" width=\"597\" height=\"316\" srcset=\"https:\/\/www.ambienteyenergia.gob.ec\/ambiente\/wp-content\/uploads\/sites\/2\/2013\/01\/galapagos12.jpg 597w, https:\/\/www.ambienteyenergia.gob.ec\/ambiente\/wp-content\/uploads\/sites\/2\/2013\/01\/galapagos12-300x158.jpg 300w, https:\/\/www.ambienteyenergia.gob.ec\/ambiente\/wp-content\/uploads\/sites\/2\/2013\/01\/galapagos12-500x264.jpg 500w\" sizes=\"auto, (max-width: 597px) 100vw, 597px\" \/><\/a><\/p>\n","protected":false},"excerpt":{"rendered":"<p class=\"excerpt\">T\u00e9cnicos de la Universidad Ben &#8211; Guri\u00f3n de Israel analizan con autoridades de Gal\u00e1pagos y secretar\u00edas de Estado desarrollo de procesos productivos. Desde el 17 de enero hasta fin de mes, cinco t\u00e9cnicos del Instituto Blaustein de la Universidad Ben &#8211; Guri\u00f3n de Israel visitan Gal\u00e1pagos, para intercambiar experiencias de manejo de ecosistemas naturales protegidos que guardan relaci\u00f3n directa con&hellip; <a href=\"https:\/\/www.ambienteyenergia.gob.ec\/ambiente\/mision-blaustein-intercambia-experiencia-en-desarrollo-agricola-y-manejo-hidrico\/\">Read more &rarr;<\/a><\/p>\n","protected":false},"author":13,"featured_media":8964,"comment_status":"open","ping_status":"open","sticky":false,"template":"","format":"standard","meta":{"footnotes":""},"categories":[16,4],"tags":[],"class_list":["post-8954","post","type-post","status-publish","format-standard","has-post-thumbnail","hentry","category-comunicamos","category-noticias","xfolkentry"],"_links":{"self":[{"href":"https:\/\/www.ambienteyenergia.gob.ec\/ambiente\/wp-json\/wp\/v2\/posts\/8954","targetHints":{"allow":["GET"]}}],"collection":[{"href":"https:\/\/www.ambienteyenergia.gob.ec\/ambiente\/wp-json\/wp\/v2\/posts"}],"about":[{"href":"https:\/\/www.ambienteyenergia.gob.ec\/ambiente\/wp-json\/wp\/v2\/types\/post"}],"author":[{"embeddable":true,"href":"https:\/\/www.ambienteyenergia.gob.ec\/ambiente\/wp-json\/wp\/v2\/users\/13"}],"replies":[{"embeddable":true,"href":"https:\/\/www.ambienteyenergia.gob.ec\/ambiente\/wp-json\/wp\/v2\/comments?post=8954"}],"version-history":[{"count":0,"href":"https:\/\/www.ambienteyenergia.gob.ec\/ambiente\/wp-json\/wp\/v2\/posts\/8954\/revisions"}],"wp:featuredmedia":[{"embeddable":true,"href":"https:\/\/www.ambienteyenergia.gob.ec\/ambiente\/wp-json\/wp\/v2\/media\/8964"}],"wp:attachment":[{"href":"https:\/\/www.ambienteyenergia.gob.ec\/ambiente\/wp-json\/wp\/v2\/media?parent=8954"}],"wp:term":[{"taxonomy":"category","embeddable":true,"href":"https:\/\/www.ambienteyenergia.gob.ec\/ambiente\/wp-json\/wp\/v2\/categories?post=8954"},{"taxonomy":"post_tag","embeddable":true,"href":"https:\/\/www.ambienteyenergia.gob.ec\/ambiente\/wp-json\/wp\/v2\/tags?post=8954"}],"curies":[{"name":"wp","href":"https:\/\/api.w.org\/{rel}","templated":true}]}}