{"id":8936,"date":"2013-01-23T12:34:53","date_gmt":"2013-01-23T17:34:53","guid":{"rendered":"http:\/\/www.ambiente.gob.ec\/?p=8936"},"modified":"2013-01-23T12:34:53","modified_gmt":"2013-01-23T17:34:53","slug":"la-reserva-de-produccion-faunistica-cuyabeno-galardonada-por-travelers-choice-2013","status":"publish","type":"post","link":"https:\/\/www.ambienteyenergia.gob.ec\/ambiente\/la-reserva-de-produccion-faunistica-cuyabeno-galardonada-por-travelers-choice-2013\/","title":{"rendered":"La Reserva de Producci\u00f3n Faun\u00edstica Cuyabeno galardonada por Travelers&#8217; Choice 2013"},"content":{"rendered":"<p style=\"text-align: justify;\">Siona Lodge Cuyabeno Reserve, fue galardonada por el premio Travellers&#8217; Choice como uno de los 25 hoteles con mejor atenci\u00f3n al cliente en Ecuador. La distinci\u00f3n se basa en millones de opiniones y comentarios de los viajeros de TripAdvisor.com.<\/p>\n<p style=\"text-align: justify;\">Este reconocimiento que, es una gratificaci\u00f3n para la Reserva de Producci\u00f3n Faun\u00edstica Cuyabeno (RPFC), es realizado por hu\u00e9spedes y turistas de todo el mundo. Raz\u00f3n por la cual es representativa en el ciberespacio.<\/p>\n<p style=\"text-align: justify;\"><strong>El Cuyabeno, un santuario de vida silvestre<\/strong><\/p>\n<p style=\"text-align: justify;\">La reserva del Cuyabeno pertenece al Sistema Nacional de \u00c1reas Protegidas del Ministerio del Ambiente (MAE), se encuentra situada en la Provincia de Sucumb\u00edos, al noreste de la Regi\u00f3n Amaz\u00f3nica de Ecuador. Fue creada bajo el Acuerdo Ministerial N. 322 de julio 26 de 1979 &#8211; Registro Oficial N\u00b0 69 Noviembre 20 de 1979.<\/p>\n<p style=\"text-align: justify;\">Comprende 603 380 hect\u00e1reas y es uno de los lugares m\u00e1s biodiversos del planeta junto con el Parque Nacional Yasun\u00ed.<\/p>\n<p style=\"text-align: justify;\">Los principales atractivos del Cuyabeno se relacionan con la enorme biodiversidad y el imponente sistema hidrogr\u00e1fico que forma parte de la Cuenca Amaz\u00f3nica. Este \u00faltimo, es el m\u00e1s extenso y de mayor caudal del mundo.<\/p>\n<p style=\"text-align: justify;\">Su flora est\u00e1 entre la m\u00e1s diversa del planeta con alrededor de 12 mil especies distribuidas en diferentes h\u00e1bitats. En cuanto a fauna, se estima que existe alrededor de 1 320 especies: 165 de mam\u00edferos, 493 de aves, 96 de anfibios, 91 de reptiles y 475 de peces.<\/p>\n<p style=\"text-align: justify;\">Tambi\u00e9n, es ecosistema y hogar de especies \u00fanicas como el m\u00edtico delf\u00edn rosado de r\u00edo.<\/p>\n<p style=\"text-align: justify;\">Cerca de las orillas de los r\u00edos Cuyabeno y Aguarico habitan 7 comunidades ind\u00edgenas, pertenecientes a cinco nacionalidades: Sionas, Secoyas, Cofanes, Quichuas y Shuaras, que ofrecen la oportunidad de realizar turismo comunitario.<\/p>\n<p style=\"text-align: justify;\">Estos Grupos \u00e9tnicos son, en su mayor\u00eda, poblaciones reducidas, que subsisten de la caza, pesca, agricultura y actividades ecotur\u00edsticas.<\/p>\n<p style=\"text-align: justify;\"><strong>Ecoturismo y la aventura<\/strong><\/p>\n<p style=\"text-align: justify;\">El ecoturismo en la reserva faun\u00edstica, inicia con el prop\u00f3sito de generar ingresos sostenibles para las diferentes familias ind\u00edgenas, adem\u00e1s de proteger la fauna y el ecosistema.<\/p>\n<p style=\"text-align: justify;\">Desde entonces, se convirti\u00f3 en una forma de impulsar el turismo en esta zona del Ecuador. Los principales atractivos de la RPFC se relacionan con la enorme biodiversidad, el sistema hidrogr\u00e1fico y la presencia de culturas ind\u00edgenas que ofrecen un turismo comunitario.<\/p>\n<p style=\"text-align: justify;\"><strong>M\u00e1s detalles:<\/strong> <a href=\"http:\/\/ow.ly\/h45UN \" target=\"_blank\">http:\/\/ow.ly\/h45UN <\/a><\/p>\n<p style=\"text-align: justify;\"><strong>La foto:<\/strong><\/p>\n<p style=\"text-align: justify;\"><a href=\"http:\/\/www.ambienteyenergia.gob.ec\/ambiente\/wp-content\/uploads\/2013\/01\/cuyabeno.jpg\"><img loading=\"lazy\" decoding=\"async\" class=\"aligncenter size-full wp-image-8937\" title=\"cuyabeno\" src=\"http:\/\/www.ambienteyenergia.gob.ec\/ambiente\/wp-content\/uploads\/2013\/01\/cuyabeno.jpg\" alt=\"\" width=\"650\" height=\"395\" srcset=\"https:\/\/www.ambienteyenergia.gob.ec\/ambiente\/wp-content\/uploads\/sites\/2\/2013\/01\/cuyabeno.jpg 650w, https:\/\/www.ambienteyenergia.gob.ec\/ambiente\/wp-content\/uploads\/sites\/2\/2013\/01\/cuyabeno-300x182.jpg 300w, https:\/\/www.ambienteyenergia.gob.ec\/ambiente\/wp-content\/uploads\/sites\/2\/2013\/01\/cuyabeno-493x300.jpg 493w\" sizes=\"auto, (max-width: 650px) 100vw, 650px\" \/><\/a><\/p>\n<p style=\"text-align: justify;\">\n","protected":false},"excerpt":{"rendered":"<p class=\"excerpt\">Siona Lodge Cuyabeno Reserve, fue galardonada por el premio Travellers&#8217; Choice como uno de los 25 hoteles con mejor atenci\u00f3n al cliente en Ecuador. La distinci\u00f3n se basa en millones de opiniones y comentarios de los viajeros de TripAdvisor.com. Este reconocimiento que, es una gratificaci\u00f3n para la Reserva de Producci\u00f3n Faun\u00edstica Cuyabeno (RPFC), es realizado por hu\u00e9spedes y turistas de&hellip; <a href=\"https:\/\/www.ambienteyenergia.gob.ec\/ambiente\/la-reserva-de-produccion-faunistica-cuyabeno-galardonada-por-travelers-choice-2013\/\">Read more &rarr;<\/a><\/p>\n","protected":false},"author":13,"featured_media":8938,"comment_status":"open","ping_status":"open","sticky":false,"template":"","format":"standard","meta":{"footnotes":""},"categories":[16,4],"tags":[],"class_list":["post-8936","post","type-post","status-publish","format-standard","has-post-thumbnail","hentry","category-comunicamos","category-noticias","xfolkentry"],"_links":{"self":[{"href":"https:\/\/www.ambienteyenergia.gob.ec\/ambiente\/wp-json\/wp\/v2\/posts\/8936","targetHints":{"allow":["GET"]}}],"collection":[{"href":"https:\/\/www.ambienteyenergia.gob.ec\/ambiente\/wp-json\/wp\/v2\/posts"}],"about":[{"href":"https:\/\/www.ambienteyenergia.gob.ec\/ambiente\/wp-json\/wp\/v2\/types\/post"}],"author":[{"embeddable":true,"href":"https:\/\/www.ambienteyenergia.gob.ec\/ambiente\/wp-json\/wp\/v2\/users\/13"}],"replies":[{"embeddable":true,"href":"https:\/\/www.ambienteyenergia.gob.ec\/ambiente\/wp-json\/wp\/v2\/comments?post=8936"}],"version-history":[{"count":0,"href":"https:\/\/www.ambienteyenergia.gob.ec\/ambiente\/wp-json\/wp\/v2\/posts\/8936\/revisions"}],"wp:featuredmedia":[{"embeddable":true,"href":"https:\/\/www.ambienteyenergia.gob.ec\/ambiente\/wp-json\/wp\/v2\/media\/8938"}],"wp:attachment":[{"href":"https:\/\/www.ambienteyenergia.gob.ec\/ambiente\/wp-json\/wp\/v2\/media?parent=8936"}],"wp:term":[{"taxonomy":"category","embeddable":true,"href":"https:\/\/www.ambienteyenergia.gob.ec\/ambiente\/wp-json\/wp\/v2\/categories?post=8936"},{"taxonomy":"post_tag","embeddable":true,"href":"https:\/\/www.ambienteyenergia.gob.ec\/ambiente\/wp-json\/wp\/v2\/tags?post=8936"}],"curies":[{"name":"wp","href":"https:\/\/api.w.org\/{rel}","templated":true}]}}