{"id":8928,"date":"2013-01-23T12:08:41","date_gmt":"2013-01-23T17:08:41","guid":{"rendered":"http:\/\/www.ambiente.gob.ec\/?p=8928"},"modified":"2013-01-23T12:25:11","modified_gmt":"2013-01-23T17:25:11","slug":"foro-para-la-celebracion-del-dia-mundial-de-humedales","status":"publish","type":"post","link":"https:\/\/www.ambienteyenergia.gob.ec\/ambiente\/foro-para-la-celebracion-del-dia-mundial-de-humedales\/","title":{"rendered":"Foro para la celebraci\u00f3n del D\u00eda Mundial de Humedales"},"content":{"rendered":"<p>Dentro del Marco de la Convenci\u00f3n sobre los Humedales de Importancia Internacional Ramsar, el 2 de Febrero de cada a\u00f1o se conmemora el d\u00eda mundial de los Humedales, para lo cual la Direcci\u00f3n Nacional de Biodiversidad ha organizado la realizaci\u00f3n del Foro \u00abLos Humedales en el Ecuador\u00bb.<\/p>\n<p>El foro se desarrollar\u00e1 el d\u00eda jueves 31 de enero de 8:00 a 13:30 en la Facultad de Ciencias Exactas y Naturales de la Pontificia Universidad Cat\u00f3lica del Ecuador.<\/p>\n<p><strong>La participaci\u00f3n en este evento no tiene costo alguno y se emitir\u00e1n los certificados respectivos.<\/strong><\/p>\n<p>Te esper\u00e1mos:<\/p>\n<p><a href=\"http:\/\/www.ambienteyenergia.gob.ec\/ambiente\/wp-content\/uploads\/downloads\/2013\/01\/agua.jpg\" target=\"_blank\"><img loading=\"lazy\" decoding=\"async\" class=\"size-full wp-image-8930 alignnone\" title=\"humedales1\" src=\"http:\/\/www.ambienteyenergia.gob.ec\/ambiente\/wp-content\/uploads\/2013\/01\/humedales1.jpg\" alt=\"\" width=\"650\" height=\"936\" srcset=\"https:\/\/www.ambienteyenergia.gob.ec\/ambiente\/wp-content\/uploads\/sites\/2\/2013\/01\/humedales1.jpg 650w, https:\/\/www.ambienteyenergia.gob.ec\/ambiente\/wp-content\/uploads\/sites\/2\/2013\/01\/humedales1-208x300.jpg 208w\" sizes=\"auto, (max-width: 650px) 100vw, 650px\" \/><\/a><\/p>\n","protected":false},"excerpt":{"rendered":"<p class=\"excerpt\">Dentro del Marco de la Convenci\u00f3n sobre los Humedales de Importancia Internacional Ramsar, el 2 de Febrero de cada a\u00f1o se conmemora el d\u00eda mundial de los Humedales, para lo cual la Direcci\u00f3n Nacional de Biodiversidad ha organizado la realizaci\u00f3n del Foro \u00abLos Humedales en el Ecuador\u00bb. El foro se desarrollar\u00e1 el d\u00eda jueves 31 de enero de 8:00 a&hellip; <a href=\"https:\/\/www.ambienteyenergia.gob.ec\/ambiente\/foro-para-la-celebracion-del-dia-mundial-de-humedales\/\">Read more &rarr;<\/a><\/p>\n","protected":false},"author":13,"featured_media":0,"comment_status":"open","ping_status":"open","sticky":false,"template":"","format":"standard","meta":{"footnotes":""},"categories":[16,4],"tags":[],"class_list":["post-8928","post","type-post","status-publish","format-standard","hentry","category-comunicamos","category-noticias","xfolkentry"],"_links":{"self":[{"href":"https:\/\/www.ambienteyenergia.gob.ec\/ambiente\/wp-json\/wp\/v2\/posts\/8928","targetHints":{"allow":["GET"]}}],"collection":[{"href":"https:\/\/www.ambienteyenergia.gob.ec\/ambiente\/wp-json\/wp\/v2\/posts"}],"about":[{"href":"https:\/\/www.ambienteyenergia.gob.ec\/ambiente\/wp-json\/wp\/v2\/types\/post"}],"author":[{"embeddable":true,"href":"https:\/\/www.ambienteyenergia.gob.ec\/ambiente\/wp-json\/wp\/v2\/users\/13"}],"replies":[{"embeddable":true,"href":"https:\/\/www.ambienteyenergia.gob.ec\/ambiente\/wp-json\/wp\/v2\/comments?post=8928"}],"version-history":[{"count":0,"href":"https:\/\/www.ambienteyenergia.gob.ec\/ambiente\/wp-json\/wp\/v2\/posts\/8928\/revisions"}],"wp:attachment":[{"href":"https:\/\/www.ambienteyenergia.gob.ec\/ambiente\/wp-json\/wp\/v2\/media?parent=8928"}],"wp:term":[{"taxonomy":"category","embeddable":true,"href":"https:\/\/www.ambienteyenergia.gob.ec\/ambiente\/wp-json\/wp\/v2\/categories?post=8928"},{"taxonomy":"post_tag","embeddable":true,"href":"https:\/\/www.ambienteyenergia.gob.ec\/ambiente\/wp-json\/wp\/v2\/tags?post=8928"}],"curies":[{"name":"wp","href":"https:\/\/api.w.org\/{rel}","templated":true}]}}