{"id":8890,"date":"2013-01-22T17:07:39","date_gmt":"2013-01-22T22:07:39","guid":{"rendered":"http:\/\/www.ambiente.gob.ec\/?p=8890"},"modified":"2013-01-25T18:16:24","modified_gmt":"2013-01-25T23:16:24","slug":"ama-la-vida-se-un-guardian-del-planeta","status":"publish","type":"post","link":"https:\/\/www.ambienteyenergia.gob.ec\/ambiente\/ama-la-vida-se-un-guardian-del-planeta\/","title":{"rendered":"MAE presenta Guardianes del Planeta"},"content":{"rendered":"<p style=\"text-align: justify;\">El Ministerio del Ambiente (MAE), incorpora un nuevo proyecto llamado \u201cRed Ecol\u00f3gica Guardianes del Planeta\u201d con la intenci\u00f3n de formar una cultura ambiental en ni\u00f1os.<\/p>\n<p style=\"text-align: justify;\">La idea es trabajar con peque\u00f1os, de cuarto, quinto y sexto a\u00f1o de b\u00e1sica (de 8 a 11 a\u00f1os de edad), en un proceso de educaci\u00f3n ambiental, con talleres y actividades l\u00fadico-cognitivas.<\/p>\n<p style=\"text-align: justify;\">El programa visita diferentes instituciones educativas cada semana, donde se socializan temas como patrimonio natural, biodiversidad, \u00e1reas protegidas, entre otros.<\/p>\n<p style=\"text-align: justify;\">Los especialistas en Educaci\u00f3n Ambiental del MAE relizan talleres en escuelas, por eso, los ni\u00f1os interesados y los padres de familia deben solicitar al Director de la escuela que gestione con el MAE la visita de la Red infantil.<\/p>\n<p style=\"text-align: justify;\">Mar\u00eda Fernanda Mora, Coordinadora del Plan de Educaci\u00f3n Ambiental Ciudadana, manifest\u00f3 que: \u00abEl proyecto trata principalmente de impartir buenas pr\u00e1cticas de conservaci\u00f3n y uso sostenible de los recursos naturales en los ni\u00f1os, a trav\u00e9s de actividades l\u00fadicas fomentando el uso de materiales reciclables\u00bb.<\/p>\n<p style=\"text-align: justify;\">La proyecci\u00f3n de \u201cGuardianes del Planeta\u201d es nacional, las primeras entregas inician en Quito y se espera que para el 2014 se reproduzca en todas la provincias del Ecuador.<\/p>\n<p style=\"text-align: justify;\"><strong>Beneficios de los Guardianes<\/strong><\/p>\n<p style=\"text-align: justify;\">Los ni\u00f1os que sean parte de la red ecol\u00f3gica ambiental \u201cGuardianes del Planeta\u201d van a ser acreedores a un carn\u00e9 que les identificar\u00e1 como miembros y les permitir\u00e1 suscribirse a beneficios.<\/p>\n<p style=\"text-align: justify;\">Para acceder al documento es necesario que los estudiantes participen de las jornadas ambientales y los talleres que imparte el MAE en cada instituci\u00f3n (la duraci\u00f3n es de aproximadamente 4 horas).<\/p>\n<p style=\"text-align: justify;\">Con esta identificaci\u00f3n, los ni\u00f1os obtendr\u00e1n descuentos del 20% y 50% en los establecimientos con los que se realizaron alianzas y convenios como el Jard\u00edn Bot\u00e1nico, Vivarium, Zool\u00f3gico de Guayllabamba, Ciudad Mitad del Mundo, Planetario del Instituto Geogr\u00e1fico Militar, entre otros.<\/p>\n<p style=\"text-align: justify;\">Los peque\u00f1os podr\u00e1n utilizar la credencial de forma inmediata y hacer uso de los beneficios desde ese instante, cabe destacar que no existe fecha de expiraci\u00f3n, por lo que pueden emplearlo todo el tiempo que lo deseen.<\/p>\n<p style=\"text-align: justify;\"><strong>Datos Importantes<\/strong><\/p>\n<p style=\"text-align: justify;\">Desde 1975, todos los 26 de enero se celebra el d\u00eda Mundial de la Educaci\u00f3n Ambiental con el prop\u00f3sito de concienciar a la poblaci\u00f3n sobre la problem\u00e1tica ambiental actual y generar soluciones pr\u00e1cticas a favor de la naturaleza.<\/p>\n<p style=\"text-align: justify;\">Al celebrar un nuevo D\u00eda de la Educaci\u00f3n Ambiental, este 28 de enero de 2013 en el Jard\u00edn Bot\u00e1nico, a las 10:30, la Ministra del Ambiente, Lorena Tapia, entregar\u00e1 las primeras 200 identificaciones de la red ecol\u00f3gica infantil \u201cGuardianes del Planeta\u201d, a los ni\u00f1os de la escuela Faustino Sarmiento.<\/p>\n<p style=\"text-align: justify;\">Si las instituciones educativas est\u00e1n interesadas en el proyecto \u201cGuardianes del Planeta\u201d pueden comunicarse al Ministerio del Ambiente (MAE) con Mar\u00eda Fernanda Mora, al 02 398 7600 o al correo electr\u00f3nico mmora@ambiente.gob.ec y programar una visita a su instituci\u00f3n.<\/p>\n<p style=\"text-align: justify;\"><strong>Audio:<\/strong><\/p>\n<p><iframe loading=\"lazy\" width=\"100%\" height=\"166\" scrolling=\"no\" frameborder=\"no\" src=\"https:\/\/w.soundcloud.com\/player\/?url=http%3A%2F%2Fapi.soundcloud.com%2Ftracks%2F76400303\"><\/iframe><\/p>\n<p style=\"text-align: justify;\"><strong>El Escudo<\/strong>:<\/p>\n<p style=\"text-align: justify;\"><a href=\"http:\/\/www.ambienteyenergia.gob.ec\/ambiente\/wp-content\/uploads\/2013\/01\/planeta5.jpg\"><img loading=\"lazy\" decoding=\"async\" class=\"aligncenter size-full wp-image-8952\" title=\"planeta5\" src=\"http:\/\/www.ambienteyenergia.gob.ec\/ambiente\/wp-content\/uploads\/2013\/01\/planeta5.jpg\" alt=\"\" width=\"629\" height=\"554\" srcset=\"https:\/\/www.ambienteyenergia.gob.ec\/ambiente\/wp-content\/uploads\/sites\/2\/2013\/01\/planeta5.jpg 629w, https:\/\/www.ambienteyenergia.gob.ec\/ambiente\/wp-content\/uploads\/sites\/2\/2013\/01\/planeta5-300x264.jpg 300w, https:\/\/www.ambienteyenergia.gob.ec\/ambiente\/wp-content\/uploads\/sites\/2\/2013\/01\/planeta5-340x300.jpg 340w\" sizes=\"auto, (max-width: 629px) 100vw, 629px\" \/><\/a><\/p>\n","protected":false},"excerpt":{"rendered":"<p class=\"excerpt\">El Ministerio del Ambiente (MAE), incorpora un nuevo proyecto llamado \u201cRed Ecol\u00f3gica Guardianes del Planeta\u201d con la intenci\u00f3n de formar una cultura ambiental en ni\u00f1os. La idea es trabajar con peque\u00f1os, de cuarto, quinto y sexto a\u00f1o de b\u00e1sica (de 8 a 11 a\u00f1os de edad), en un proceso de educaci\u00f3n ambiental, con talleres y actividades l\u00fadico-cognitivas. El programa visita&hellip; <a href=\"https:\/\/www.ambienteyenergia.gob.ec\/ambiente\/ama-la-vida-se-un-guardian-del-planeta\/\">Read more &rarr;<\/a><\/p>\n","protected":false},"author":13,"featured_media":8951,"comment_status":"open","ping_status":"open","sticky":false,"template":"","format":"standard","meta":{"footnotes":""},"categories":[16,4],"tags":[],"class_list":["post-8890","post","type-post","status-publish","format-standard","has-post-thumbnail","hentry","category-comunicamos","category-noticias","xfolkentry"],"_links":{"self":[{"href":"https:\/\/www.ambienteyenergia.gob.ec\/ambiente\/wp-json\/wp\/v2\/posts\/8890","targetHints":{"allow":["GET"]}}],"collection":[{"href":"https:\/\/www.ambienteyenergia.gob.ec\/ambiente\/wp-json\/wp\/v2\/posts"}],"about":[{"href":"https:\/\/www.ambienteyenergia.gob.ec\/ambiente\/wp-json\/wp\/v2\/types\/post"}],"author":[{"embeddable":true,"href":"https:\/\/www.ambienteyenergia.gob.ec\/ambiente\/wp-json\/wp\/v2\/users\/13"}],"replies":[{"embeddable":true,"href":"https:\/\/www.ambienteyenergia.gob.ec\/ambiente\/wp-json\/wp\/v2\/comments?post=8890"}],"version-history":[{"count":0,"href":"https:\/\/www.ambienteyenergia.gob.ec\/ambiente\/wp-json\/wp\/v2\/posts\/8890\/revisions"}],"wp:featuredmedia":[{"embeddable":true,"href":"https:\/\/www.ambienteyenergia.gob.ec\/ambiente\/wp-json\/wp\/v2\/media\/8951"}],"wp:attachment":[{"href":"https:\/\/www.ambienteyenergia.gob.ec\/ambiente\/wp-json\/wp\/v2\/media?parent=8890"}],"wp:term":[{"taxonomy":"category","embeddable":true,"href":"https:\/\/www.ambienteyenergia.gob.ec\/ambiente\/wp-json\/wp\/v2\/categories?post=8890"},{"taxonomy":"post_tag","embeddable":true,"href":"https:\/\/www.ambienteyenergia.gob.ec\/ambiente\/wp-json\/wp\/v2\/tags?post=8890"}],"curies":[{"name":"wp","href":"https:\/\/api.w.org\/{rel}","templated":true}]}}