{"id":8879,"date":"2013-01-22T15:59:10","date_gmt":"2013-01-22T20:59:10","guid":{"rendered":"http:\/\/www.ambiente.gob.ec\/?p=8879"},"modified":"2013-01-25T16:57:06","modified_gmt":"2013-01-25T21:57:06","slug":"inauguracion-oficial-de-zona-de-canchas-este-fin-de-mes-en-parque-samanes","status":"publish","type":"post","link":"https:\/\/www.ambienteyenergia.gob.ec\/ambiente\/inauguracion-oficial-de-zona-de-canchas-este-fin-de-mes-en-parque-samanes\/","title":{"rendered":"Inauguraci\u00f3n oficial de Zona de canchas, este fin de mes en Parque Samanes"},"content":{"rendered":"<p style=\"text-align: justify;\"><a href=\"http:\/\/www.ambienteyenergia.gob.ec\/ambiente\/wp-content\/uploads\/downloads\/2013\/01\/REGLAMENTO-DE-UTILIZACI\u00d3N-DE-INSTALACIONES-DEPORTIVAS-PARQUE-LOS-SAMANES-PDF.pdf\" target=\"_blank\">Descarga el Reglamento Oficial de uso de canchas en Parque Samanes<\/a><\/p>\n<p style=\"text-align: justify;\">Desde el pasado 7 de enero, Guayaquil cuenta con un nuevo espacio para el deporte y sano esparcimiento: la zona de canchas de Parque Samanes. Este espacio se ha convertido en un elemento clave en la estructura del Puerto Principal como espacio de confort y esparcimiento.<\/p>\n<p style=\"text-align: justify;\">Cientos de ni\u00f1os, j\u00f3venes y familias se han acercado a las instalaciones ubicadas en la Av. Francisco de Orellana, sector de Los Vergeles, para pasar un momento de integraci\u00f3n y diversi\u00f3n en las diferentes canchas de b\u00e1squet, f\u00fatbol, tenis, voleibol y handball (bal\u00f3n mano) que dispone el parque. Todas cuentan con los debidos sistemas de drenaje sanitario y pluvial.<\/p>\n<p style=\"text-align: justify;\">La Ministra del Ambiente, Lorena Tapia, en un recorrido realizado en la ma\u00f1ana de hoy (martes), supervis\u00f3 detalles en el \u00e1rea donde se adecu\u00f3 la segunda fase del sector de canchas de Samanes, el cual est\u00e1 pr\u00f3ximo a inaugurarse oficialmente.<\/p>\n<p style=\"text-align: justify;\">Al momento, se ultiman detalles en la instalaci\u00f3n de los juegos biosaludables y \u00e1rea de canopy. El primero forma parte de una especie de gimnasio urbano para adultos mayores y personas con capacidades especiales o en rehabilitaci\u00f3n f\u00edsica.<\/p>\n<p style=\"text-align: justify;\">El segundo, un circuito para mayores de 14 a\u00f1os, que consiste en un sistema de plataformas de maderas y otros elementos de sujeci\u00f3n, colocadas en distintos tramos mediante cables, servir\u00e1 para que los visitante pueden desplazarse y recorrer varias distancias.<\/p>\n<p style=\"text-align: justify;\">Hasta el momento, se han sembrado 8.000 semillas correspondientes a 30 especies nativas que est\u00e1n en proceso de germinaci\u00f3n y crecimiento. La obra embellecer\u00e1 el espacio verde.<\/p>\n<p style=\"text-align: justify;\">Durante el recorrido, la m\u00e1xima autoridad ambiental inst\u00f3 a todos los guayaquile\u00f1os y ecuatorianos a cuidar el lugar, bajo los lineamientos del PLan Nacional del Buen Vivir. \u00abCon Parque Samanes agregaremos aproximadamente 2,81 m2 de \u00e1reas verdes por habitante al puerto principal. Con lo cual nuestra ciudad llegar\u00eda a casi 4 m2 por persona\u201d, dijo.<\/p>\n<p style=\"text-align: justify;\">La zona de canchas se inaugurar\u00e1 oficialmente, el pr\u00f3ximo martes 29 de enero, con la presencia del Presidente de la Rep\u00fablica del Ecuador (e), Lenin Moreno, y varias autoridades gubernamentales.<\/p>\n<p style=\"text-align: justify;\"><strong>Un parque incluyente<\/strong><\/p>\n<p style=\"text-align: justify;\">En Parque Samanes, las personas con capacidades especiales no tendr\u00e1n obst\u00e1culos f\u00edsicos ni estructurales para su esparcimiento. Las aceras de acceso al parque y zona de canchas est\u00e1n libres de obst\u00e1culos para no causar tropiezos y accidentes.<\/p>\n<p style=\"text-align: justify;\">Los ba\u00f1os de uso p\u00fablico cuentan con un sanitario adaptado para personas con discapacidad, ubicadas en un lugar accesible y claramente se\u00f1alizado con el s\u00edmbolo internacional correspondiente.<\/p>\n<p style=\"text-align: justify;\">Estas baterias sanitarias cuentan con una puerta amplia para evitar que, en caso de que el usuario sufra alguna ca\u00edda al interior del ba\u00f1o, pueda quedar impedido de la apertura de la puerta. Junto a los artefactos se instalaron barras de apoyo.<\/p>\n<p style=\"text-align: justify;\"><strong>Samanes ya tiene su reglamento de uso de canchas<\/strong><\/p>\n<p style=\"text-align: justify;\">La zona de canchas cuenta con un reglamento para su uso para regular el funcionamiento y buen uso de las instalaciones. Entre las normativas que se destacan podemos mencionar las siguientes: los usuarios deben guardar el orden dentro de las canchas; est\u00e1 prohibido el consumo de bebidas alcoh\u00f3licas y\/o sustancias psicotr\u00f3picas; est\u00e1 prohibido fumar.<\/p>\n<p style=\"text-align: justify;\">Para la reserva de las canchas se debe presentar la c\u00e9dula de ciudadan\u00eda, y el tiempo de uso ser\u00e1 por el lapso de una hora. Se podr\u00e1 ampliar el tiempo de uso de canchas, si no hay requerimiento emergente.<\/p>\n<p style=\"text-align: justify;\"><strong>Di con nosotros &#8216;Yo inaugur\u00e9 Parque Samanes&#8217;<\/strong><\/p>\n<p style=\"text-align: justify;\"><a href=\"http:\/\/www.ambienteyenergia.gob.ec\/ambiente\/wp-content\/uploads\/2013\/01\/samanes1.jpg\"><img loading=\"lazy\" decoding=\"async\" class=\"aligncenter size-full wp-image-9049\" title=\"samanes1\" src=\"http:\/\/www.ambienteyenergia.gob.ec\/ambiente\/wp-content\/uploads\/2013\/01\/samanes1.jpg\" alt=\"\" width=\"520\" height=\"519\" srcset=\"https:\/\/www.ambienteyenergia.gob.ec\/ambiente\/wp-content\/uploads\/sites\/2\/2013\/01\/samanes1.jpg 520w, https:\/\/www.ambienteyenergia.gob.ec\/ambiente\/wp-content\/uploads\/sites\/2\/2013\/01\/samanes1-150x150.jpg 150w, https:\/\/www.ambienteyenergia.gob.ec\/ambiente\/wp-content\/uploads\/sites\/2\/2013\/01\/samanes1-300x300.jpg 300w\" sizes=\"auto, (max-width: 520px) 100vw, 520px\" \/><\/a><\/p>\n<p style=\"text-align: justify;\"><strong>La foto<\/strong>:<\/p>\n<div id='gallery-1' class='gallery galleryid-8879 gallery-columns-4 gallery-size-thumbnail'><dl class='gallery-item'>\n\t\t\t<dt class='gallery-icon landscape'>\n\t\t\t\t<a href='https:\/\/www.ambienteyenergia.gob.ec\/ambiente\/inauguracion-oficial-de-zona-de-canchas-este-fin-de-mes-en-parque-samanes\/9-3\/'><img loading=\"lazy\" decoding=\"async\" width=\"150\" height=\"150\" src=\"https:\/\/www.ambienteyenergia.gob.ec\/ambiente\/wp-content\/uploads\/sites\/2\/2013\/01\/92-150x150.jpg\" class=\"attachment-thumbnail size-thumbnail\" alt=\"\" \/><\/a>\n\t\t\t<\/dt><\/dl><dl class='gallery-item'>\n\t\t\t<dt class='gallery-icon landscape'>\n\t\t\t\t<a href='https:\/\/www.ambienteyenergia.gob.ec\/ambiente\/inauguracion-oficial-de-zona-de-canchas-este-fin-de-mes-en-parque-samanes\/1-23\/'><img loading=\"lazy\" decoding=\"async\" width=\"150\" height=\"150\" src=\"https:\/\/www.ambienteyenergia.gob.ec\/ambiente\/wp-content\/uploads\/sites\/2\/2013\/01\/110-150x150.jpg\" class=\"attachment-thumbnail size-thumbnail\" alt=\"\" \/><\/a>\n\t\t\t<\/dt><\/dl><dl class='gallery-item'>\n\t\t\t<dt class='gallery-icon landscape'>\n\t\t\t\t<a href='https:\/\/www.ambienteyenergia.gob.ec\/ambiente\/inauguracion-oficial-de-zona-de-canchas-este-fin-de-mes-en-parque-samanes\/2-15\/'><img loading=\"lazy\" decoding=\"async\" width=\"150\" height=\"150\" src=\"https:\/\/www.ambienteyenergia.gob.ec\/ambiente\/wp-content\/uploads\/sites\/2\/2013\/01\/27-150x150.jpg\" class=\"attachment-thumbnail size-thumbnail\" alt=\"\" \/><\/a>\n\t\t\t<\/dt><\/dl><dl class='gallery-item'>\n\t\t\t<dt class='gallery-icon landscape'>\n\t\t\t\t<a href='https:\/\/www.ambienteyenergia.gob.ec\/ambiente\/inauguracion-oficial-de-zona-de-canchas-este-fin-de-mes-en-parque-samanes\/3-9\/'><img loading=\"lazy\" decoding=\"async\" width=\"150\" height=\"150\" src=\"https:\/\/www.ambienteyenergia.gob.ec\/ambiente\/wp-content\/uploads\/sites\/2\/2013\/01\/36-150x150.jpg\" class=\"attachment-thumbnail size-thumbnail\" alt=\"\" \/><\/a>\n\t\t\t<\/dt><\/dl><br style=\"clear: both\" \/><dl class='gallery-item'>\n\t\t\t<dt class='gallery-icon portrait'>\n\t\t\t\t<a href='https:\/\/www.ambienteyenergia.gob.ec\/ambiente\/inauguracion-oficial-de-zona-de-canchas-este-fin-de-mes-en-parque-samanes\/4-11\/'><img loading=\"lazy\" decoding=\"async\" width=\"150\" height=\"150\" src=\"https:\/\/www.ambienteyenergia.gob.ec\/ambiente\/wp-content\/uploads\/sites\/2\/2013\/01\/47-150x150.jpg\" class=\"attachment-thumbnail size-thumbnail\" alt=\"\" \/><\/a>\n\t\t\t<\/dt><\/dl><dl class='gallery-item'>\n\t\t\t<dt class='gallery-icon landscape'>\n\t\t\t\t<a href='https:\/\/www.ambienteyenergia.gob.ec\/ambiente\/inauguracion-oficial-de-zona-de-canchas-este-fin-de-mes-en-parque-samanes\/5-9\/'><img loading=\"lazy\" decoding=\"async\" width=\"150\" height=\"150\" src=\"https:\/\/www.ambienteyenergia.gob.ec\/ambiente\/wp-content\/uploads\/sites\/2\/2013\/01\/57-150x150.jpg\" class=\"attachment-thumbnail size-thumbnail\" alt=\"\" \/><\/a>\n\t\t\t<\/dt><\/dl><dl class='gallery-item'>\n\t\t\t<dt class='gallery-icon landscape'>\n\t\t\t\t<a href='https:\/\/www.ambienteyenergia.gob.ec\/ambiente\/inauguracion-oficial-de-zona-de-canchas-este-fin-de-mes-en-parque-samanes\/6-7\/'><img loading=\"lazy\" decoding=\"async\" width=\"150\" height=\"150\" src=\"https:\/\/www.ambienteyenergia.gob.ec\/ambiente\/wp-content\/uploads\/sites\/2\/2013\/01\/66-150x150.jpg\" class=\"attachment-thumbnail size-thumbnail\" alt=\"\" \/><\/a>\n\t\t\t<\/dt><\/dl><dl class='gallery-item'>\n\t\t\t<dt class='gallery-icon landscape'>\n\t\t\t\t<a href='https:\/\/www.ambienteyenergia.gob.ec\/ambiente\/inauguracion-oficial-de-zona-de-canchas-este-fin-de-mes-en-parque-samanes\/7-5\/'><img loading=\"lazy\" decoding=\"async\" width=\"150\" height=\"150\" src=\"https:\/\/www.ambienteyenergia.gob.ec\/ambiente\/wp-content\/uploads\/sites\/2\/2013\/01\/74-150x150.jpg\" class=\"attachment-thumbnail size-thumbnail\" alt=\"\" \/><\/a>\n\t\t\t<\/dt><\/dl><br style=\"clear: both\" \/><dl class='gallery-item'>\n\t\t\t<dt class='gallery-icon landscape'>\n\t\t\t\t<a href='https:\/\/www.ambienteyenergia.gob.ec\/ambiente\/inauguracion-oficial-de-zona-de-canchas-este-fin-de-mes-en-parque-samanes\/8-4\/'><img loading=\"lazy\" decoding=\"async\" width=\"150\" height=\"150\" src=\"https:\/\/www.ambienteyenergia.gob.ec\/ambiente\/wp-content\/uploads\/sites\/2\/2013\/01\/83-150x150.jpg\" class=\"attachment-thumbnail size-thumbnail\" alt=\"\" \/><\/a>\n\t\t\t<\/dt><\/dl><dl class='gallery-item'>\n\t\t\t<dt class='gallery-icon landscape'>\n\t\t\t\t<a href='https:\/\/www.ambienteyenergia.gob.ec\/ambiente\/inauguracion-oficial-de-zona-de-canchas-este-fin-de-mes-en-parque-samanes\/9-4\/'><img loading=\"lazy\" decoding=\"async\" width=\"150\" height=\"150\" src=\"https:\/\/www.ambienteyenergia.gob.ec\/ambiente\/wp-content\/uploads\/sites\/2\/2013\/01\/93-150x150.jpg\" class=\"attachment-thumbnail size-thumbnail\" alt=\"\" \/><\/a>\n\t\t\t<\/dt><\/dl><dl class='gallery-item'>\n\t\t\t<dt class='gallery-icon landscape'>\n\t\t\t\t<a href='https:\/\/www.ambienteyenergia.gob.ec\/ambiente\/inauguracion-oficial-de-zona-de-canchas-este-fin-de-mes-en-parque-samanes\/10-3\/'><img loading=\"lazy\" decoding=\"async\" width=\"150\" height=\"150\" src=\"https:\/\/www.ambienteyenergia.gob.ec\/ambiente\/wp-content\/uploads\/sites\/2\/2013\/01\/102-150x150.jpg\" class=\"attachment-thumbnail size-thumbnail\" alt=\"\" \/><\/a>\n\t\t\t<\/dt><\/dl><dl class='gallery-item'>\n\t\t\t<dt class='gallery-icon landscape'>\n\t\t\t\t<a href='https:\/\/www.ambienteyenergia.gob.ec\/ambiente\/inauguracion-oficial-de-zona-de-canchas-este-fin-de-mes-en-parque-samanes\/samanes1\/'><img loading=\"lazy\" decoding=\"async\" width=\"150\" height=\"150\" src=\"https:\/\/www.ambienteyenergia.gob.ec\/ambiente\/wp-content\/uploads\/sites\/2\/2013\/01\/samanes1-150x150.jpg\" class=\"attachment-thumbnail size-thumbnail\" alt=\"\" srcset=\"https:\/\/www.ambienteyenergia.gob.ec\/ambiente\/wp-content\/uploads\/sites\/2\/2013\/01\/samanes1-150x150.jpg 150w, https:\/\/www.ambienteyenergia.gob.ec\/ambiente\/wp-content\/uploads\/sites\/2\/2013\/01\/samanes1-300x300.jpg 300w, https:\/\/www.ambienteyenergia.gob.ec\/ambiente\/wp-content\/uploads\/sites\/2\/2013\/01\/samanes1.jpg 520w\" sizes=\"auto, (max-width: 150px) 100vw, 150px\" \/><\/a>\n\t\t\t<\/dt><\/dl><br style=\"clear: both\" \/>\n\t\t<\/div>\n\n<p style=\"text-align: justify;\">\n","protected":false},"excerpt":{"rendered":"<p class=\"excerpt\">Descarga el Reglamento Oficial de uso de canchas en Parque Samanes Desde el pasado 7 de enero, Guayaquil cuenta con un nuevo espacio para el deporte y sano esparcimiento: la zona de canchas de Parque Samanes. Este espacio se ha convertido en un elemento clave en la estructura del Puerto Principal como espacio de confort y esparcimiento. Cientos de ni\u00f1os,&hellip; <a href=\"https:\/\/www.ambienteyenergia.gob.ec\/ambiente\/inauguracion-oficial-de-zona-de-canchas-este-fin-de-mes-en-parque-samanes\/\">Read more &rarr;<\/a><\/p>\n","protected":false},"author":13,"featured_media":8897,"comment_status":"open","ping_status":"open","sticky":false,"template":"","format":"standard","meta":{"footnotes":""},"categories":[16,4],"tags":[],"class_list":["post-8879","post","type-post","status-publish","format-standard","has-post-thumbnail","hentry","category-comunicamos","category-noticias","xfolkentry"],"_links":{"self":[{"href":"https:\/\/www.ambienteyenergia.gob.ec\/ambiente\/wp-json\/wp\/v2\/posts\/8879","targetHints":{"allow":["GET"]}}],"collection":[{"href":"https:\/\/www.ambienteyenergia.gob.ec\/ambiente\/wp-json\/wp\/v2\/posts"}],"about":[{"href":"https:\/\/www.ambienteyenergia.gob.ec\/ambiente\/wp-json\/wp\/v2\/types\/post"}],"author":[{"embeddable":true,"href":"https:\/\/www.ambienteyenergia.gob.ec\/ambiente\/wp-json\/wp\/v2\/users\/13"}],"replies":[{"embeddable":true,"href":"https:\/\/www.ambienteyenergia.gob.ec\/ambiente\/wp-json\/wp\/v2\/comments?post=8879"}],"version-history":[{"count":0,"href":"https:\/\/www.ambienteyenergia.gob.ec\/ambiente\/wp-json\/wp\/v2\/posts\/8879\/revisions"}],"wp:featuredmedia":[{"embeddable":true,"href":"https:\/\/www.ambienteyenergia.gob.ec\/ambiente\/wp-json\/wp\/v2\/media\/8897"}],"wp:attachment":[{"href":"https:\/\/www.ambienteyenergia.gob.ec\/ambiente\/wp-json\/wp\/v2\/media?parent=8879"}],"wp:term":[{"taxonomy":"category","embeddable":true,"href":"https:\/\/www.ambienteyenergia.gob.ec\/ambiente\/wp-json\/wp\/v2\/categories?post=8879"},{"taxonomy":"post_tag","embeddable":true,"href":"https:\/\/www.ambienteyenergia.gob.ec\/ambiente\/wp-json\/wp\/v2\/tags?post=8879"}],"curies":[{"name":"wp","href":"https:\/\/api.w.org\/{rel}","templated":true}]}}