{"id":8869,"date":"2013-01-21T17:28:15","date_gmt":"2013-01-21T22:28:15","guid":{"rendered":"http:\/\/www.ambiente.gob.ec\/?p=8869"},"modified":"2013-01-21T17:31:01","modified_gmt":"2013-01-21T22:31:01","slug":"dpng-detecta-rastros-de-cabras-reintroducidas-en-isla-pinzon","status":"publish","type":"post","link":"https:\/\/www.ambienteyenergia.gob.ec\/ambiente\/dpng-detecta-rastros-de-cabras-reintroducidas-en-isla-pinzon\/","title":{"rendered":"DPNG detecta rastros de cabras reintroducidas en isla Pinz\u00f3n (Gal\u00e1pagos)"},"content":{"rendered":"<p style=\"text-align: justify;\"><em>Trabajos de monitoreo ecol\u00f3gico dentro del proceso de restauraci\u00f3n de ecosistemas en Pinz\u00f3n, permitieron el hallazgo de estos indicios.<\/em><\/p>\n<p style=\"text-align: justify;\">Las labores de monitoreo ecol\u00f3gico realizadas por guardaparques de la Direcci\u00f3n del Parque Nacional Gal\u00e1pagos (DPNG) en la isla Pinz\u00f3n, permitieron el hallazgo de rastros cabras, las cuales han sido reintroducidas por personas no identificadas.<\/p>\n<p style=\"text-align: justify;\">El monitoreo ecol\u00f3gico permanente forma parte de las actividades de seguimiento y evaluaci\u00f3n post aplicaci\u00f3n de rodenticida, dentro del programa de erradicaci\u00f3n de roedores (Rattus rattus) en esta isla, que entre los principales objetivos permitir\u00e1 la reproducci\u00f3n y crianza natural de tortugas gigantes terrestres (Chelonoidis ephippium).<\/p>\n<p style=\"text-align: justify;\">\u00abLos rastros fueron encontrados a 500 metros de la costa (ver mapa), en el noroeste de la isla Pinz\u00f3n, los primeros indicios evidencian la presencia de dos individuos, posiblemente una hembra y su cria\u00bb, mencion\u00f3 Danny Rueda, Director de Ecosistemas.<\/p>\n<p style=\"text-align: justify;\">La DPNG recuerda que las cabras fueron erradicadas de la isla Pinz\u00f3n en 1984, como parte de los programas de control de especies introducidas.<\/p>\n<p style=\"text-align: justify;\">Tras este hallazgo, la autoridad ambiental realizar\u00e1 un monitoreo total de la isla, con el apoyo de cazadores a trav\u00e9s del m\u00e9todo de rastrillo.<\/p>\n<p style=\"text-align: justify;\"><strong>Resultados<\/strong><\/p>\n<p style=\"text-align: justify;\">El trabajo de monitoreo constante en Pinz\u00f3n evidencia que una mayor din\u00e1mica en la poblaci\u00f3n de lagartijas de lava, que en mayor n\u00famero pueden ser observadas en sus h\u00e1bitats naturales.<\/p>\n<p style=\"text-align: justify;\">En el caso de la flora de la isla, los t\u00e9cnicos tambi\u00e9n indican que no existen marcas recientes de \u00e1rboles ro\u00eddos por los ratones, cuyos cuerpos han sido detectados en mayor n\u00famero, como estaba previsto.<\/p>\n<p style=\"text-align: justify;\">Los monitoreos ecol\u00f3gicos continuar\u00e1n durante los pr\u00f3ximos seis meses. No obstante, la DPNG aclara que la confirmaci\u00f3n de erradicaci\u00f3n, as\u00ed como los resultados de la evaluaci\u00f3n ecol\u00f3gica y restauraci\u00f3n se conocer\u00e1n en un lapso de dos a\u00f1os.<\/p>\n<p style=\"text-align: justify;\"><strong>Mapa:<\/strong><\/p>\n<p style=\"text-align: justify;\"><a href=\"http:\/\/www.ambienteyenergia.gob.ec\/ambiente\/wp-content\/uploads\/2013\/01\/mapa.jpg\"><img loading=\"lazy\" decoding=\"async\" class=\"aligncenter size-full wp-image-8873\" title=\"\" src=\"http:\/\/www.ambienteyenergia.gob.ec\/ambiente\/wp-content\/uploads\/2013\/01\/mapa.jpg\" alt=\"\" width=\"650\" height=\"506\" srcset=\"https:\/\/www.ambienteyenergia.gob.ec\/ambiente\/wp-content\/uploads\/sites\/2\/2013\/01\/mapa.jpg 650w, https:\/\/www.ambienteyenergia.gob.ec\/ambiente\/wp-content\/uploads\/sites\/2\/2013\/01\/mapa-300x233.jpg 300w, https:\/\/www.ambienteyenergia.gob.ec\/ambiente\/wp-content\/uploads\/sites\/2\/2013\/01\/mapa-385x300.jpg 385w\" sizes=\"auto, (max-width: 650px) 100vw, 650px\" \/><\/a><\/p>\n","protected":false},"excerpt":{"rendered":"<p class=\"excerpt\">Trabajos de monitoreo ecol\u00f3gico dentro del proceso de restauraci\u00f3n de ecosistemas en Pinz\u00f3n, permitieron el hallazgo de estos indicios. Las labores de monitoreo ecol\u00f3gico realizadas por guardaparques de la Direcci\u00f3n del Parque Nacional Gal\u00e1pagos (DPNG) en la isla Pinz\u00f3n, permitieron el hallazgo de rastros cabras, las cuales han sido reintroducidas por personas no identificadas. El monitoreo ecol\u00f3gico permanente forma parte&hellip; <a href=\"https:\/\/www.ambienteyenergia.gob.ec\/ambiente\/dpng-detecta-rastros-de-cabras-reintroducidas-en-isla-pinzon\/\">Read more &rarr;<\/a><\/p>\n","protected":false},"author":13,"featured_media":8874,"comment_status":"open","ping_status":"open","sticky":false,"template":"","format":"standard","meta":{"footnotes":""},"categories":[16,4],"tags":[],"class_list":["post-8869","post","type-post","status-publish","format-standard","has-post-thumbnail","hentry","category-comunicamos","category-noticias","xfolkentry"],"_links":{"self":[{"href":"https:\/\/www.ambienteyenergia.gob.ec\/ambiente\/wp-json\/wp\/v2\/posts\/8869","targetHints":{"allow":["GET"]}}],"collection":[{"href":"https:\/\/www.ambienteyenergia.gob.ec\/ambiente\/wp-json\/wp\/v2\/posts"}],"about":[{"href":"https:\/\/www.ambienteyenergia.gob.ec\/ambiente\/wp-json\/wp\/v2\/types\/post"}],"author":[{"embeddable":true,"href":"https:\/\/www.ambienteyenergia.gob.ec\/ambiente\/wp-json\/wp\/v2\/users\/13"}],"replies":[{"embeddable":true,"href":"https:\/\/www.ambienteyenergia.gob.ec\/ambiente\/wp-json\/wp\/v2\/comments?post=8869"}],"version-history":[{"count":0,"href":"https:\/\/www.ambienteyenergia.gob.ec\/ambiente\/wp-json\/wp\/v2\/posts\/8869\/revisions"}],"wp:featuredmedia":[{"embeddable":true,"href":"https:\/\/www.ambienteyenergia.gob.ec\/ambiente\/wp-json\/wp\/v2\/media\/8874"}],"wp:attachment":[{"href":"https:\/\/www.ambienteyenergia.gob.ec\/ambiente\/wp-json\/wp\/v2\/media?parent=8869"}],"wp:term":[{"taxonomy":"category","embeddable":true,"href":"https:\/\/www.ambienteyenergia.gob.ec\/ambiente\/wp-json\/wp\/v2\/categories?post=8869"},{"taxonomy":"post_tag","embeddable":true,"href":"https:\/\/www.ambienteyenergia.gob.ec\/ambiente\/wp-json\/wp\/v2\/tags?post=8869"}],"curies":[{"name":"wp","href":"https:\/\/api.w.org\/{rel}","templated":true}]}}