{"id":8862,"date":"2013-01-21T14:13:50","date_gmt":"2013-01-21T19:13:50","guid":{"rendered":"http:\/\/www.ambiente.gob.ec\/?p=8862"},"modified":"2013-01-21T14:14:07","modified_gmt":"2013-01-21T19:14:07","slug":"socio-bosque-inaugurara-capitulo-restauracion-en-azuay","status":"publish","type":"post","link":"https:\/\/www.ambienteyenergia.gob.ec\/ambiente\/socio-bosque-inaugurara-capitulo-restauracion-en-azuay\/","title":{"rendered":"Socio Bosque inaugurar\u00e1 cap\u00edtulo restauraci\u00f3n en Azuay"},"content":{"rendered":"<p>El programa Socio Bosque del Ministerio del Ambiente <\/span><span style=\"font-family: Arial,sans-serif;\">(MAE) <\/span><span style=\"font-family: Arial,sans-serif;\">inaugurar\u00e1 este 25 de enero el cap\u00edtulo de restauraci\u00f3n de la iniciativa ambiental en la ciudad de Cuenca. <\/span><\/p>\n<p style=\"text-align: justify;\" align=\"JUSTIFY\"><span style=\"font-family: Arial,sans-serif;\">Durante el acto se entregar\u00e1n incentivos econ\u00f3micos a los beneficiarios de Socio Bosque quienes conservan los bosques y p\u00e1ramos nativos en las provincias de Azuay y Ca\u00f1ar. <\/span><\/p>\n<p style=\"text-align: justify;\" align=\"JUSTIFY\"><span style=\"font-family: Arial,sans-serif;\">Seg\u00fan Socio Bosque, el principal objetivo de los incentivos de restauraci\u00f3n consiste en la recuperaci\u00f3n de las \u00e1reas de bosques y p\u00e1ramos nativos que puedan ser regenerados de manera natural. <\/span><\/p>\n<p style=\"text-align: justify;\" align=\"JUSTIFY\"><span style=\"font-family: Arial,sans-serif;\">Los ciudadanos que se comprometan a restaurar los bosques y p\u00e1ramos nativos recibir\u00e1n un incentivo econ\u00f3mico, similar al cap\u00edtulo conservaci\u00f3n de Socio Bosque. La meta de restauraci\u00f3n del Programa en este 2013 es de 20 mil hect\u00e1reas.<\/span><\/p>\n<p style=\"text-align: justify;\" align=\"JUSTIFY\"><span style=\"font-family: Arial,sans-serif;\">Seg\u00fan cifras de la iniciativa, en las provincias de Azuay y Ca\u00f1ar Socio Bosque registra un total de 51 convenios firmados, alrededor de 10 mil hect\u00e1reas y una inversi\u00f3n de $175 mil anuales. <\/span><\/p>\n<p style=\"text-align: justify;\" align=\"JUSTIFY\"><span style=\"font-family: Arial,sans-serif;\">El Gobierno de la Revoluci\u00f3n Ciudadana cre\u00f3 en el 2008, bajo el Acuerdo Ministerial 169, el Programa Socio Bosque como propuesta soberana del Ecuador para mantener nuestros bosques y p\u00e1ramos nativos en pie. <\/span><\/p>\n<p style=\"text-align: justify;\" align=\"JUSTIFY\"><span style=\"font-family: Arial,sans-serif;\">La participaci\u00f3n en Socio Bosque es voluntaria. Los ciudadanos, pueblos y nacionalidades se comprometen a conservar y proteger sus bosques y p\u00e1ramos nativos por 20 a\u00f1os. <\/span><\/p>\n<p style=\"text-align: justify;\" align=\"JUSTIFY\"><span style=\"font-family: Arial,sans-serif;\">En la actualidad este Programa de Estado registra el primer mill\u00f3n 116 mil hect\u00e1reas de bosques y p\u00e1ramos conservados y beneficia a alrededor de123 mil ciudadanos.<\/span><\/p>\n<p>&nbsp;<\/p>\n","protected":false},"excerpt":{"rendered":"<p class=\"excerpt\">El programa Socio Bosque del Ministerio del Ambiente (MAE) inaugurar\u00e1 este 25 de enero el cap\u00edtulo de restauraci\u00f3n de la iniciativa ambiental en la ciudad de Cuenca. Durante el acto se entregar\u00e1n incentivos econ\u00f3micos a los beneficiarios de Socio Bosque quienes conservan los bosques y p\u00e1ramos nativos en las provincias de Azuay y Ca\u00f1ar. Seg\u00fan Socio Bosque, el principal objetivo&hellip; <a href=\"https:\/\/www.ambienteyenergia.gob.ec\/ambiente\/socio-bosque-inaugurara-capitulo-restauracion-en-azuay\/\">Read more &rarr;<\/a><\/p>\n","protected":false},"author":13,"featured_media":8863,"comment_status":"open","ping_status":"open","sticky":false,"template":"","format":"standard","meta":{"footnotes":""},"categories":[16,4],"tags":[212,48,52],"class_list":["post-8862","post","type-post","status-publish","format-standard","has-post-thumbnail","hentry","category-comunicamos","category-noticias","tag-azuay","tag-ecuador","tag-socio-bosque","xfolkentry"],"_links":{"self":[{"href":"https:\/\/www.ambienteyenergia.gob.ec\/ambiente\/wp-json\/wp\/v2\/posts\/8862","targetHints":{"allow":["GET"]}}],"collection":[{"href":"https:\/\/www.ambienteyenergia.gob.ec\/ambiente\/wp-json\/wp\/v2\/posts"}],"about":[{"href":"https:\/\/www.ambienteyenergia.gob.ec\/ambiente\/wp-json\/wp\/v2\/types\/post"}],"author":[{"embeddable":true,"href":"https:\/\/www.ambienteyenergia.gob.ec\/ambiente\/wp-json\/wp\/v2\/users\/13"}],"replies":[{"embeddable":true,"href":"https:\/\/www.ambienteyenergia.gob.ec\/ambiente\/wp-json\/wp\/v2\/comments?post=8862"}],"version-history":[{"count":0,"href":"https:\/\/www.ambienteyenergia.gob.ec\/ambiente\/wp-json\/wp\/v2\/posts\/8862\/revisions"}],"wp:featuredmedia":[{"embeddable":true,"href":"https:\/\/www.ambienteyenergia.gob.ec\/ambiente\/wp-json\/wp\/v2\/media\/8863"}],"wp:attachment":[{"href":"https:\/\/www.ambienteyenergia.gob.ec\/ambiente\/wp-json\/wp\/v2\/media?parent=8862"}],"wp:term":[{"taxonomy":"category","embeddable":true,"href":"https:\/\/www.ambienteyenergia.gob.ec\/ambiente\/wp-json\/wp\/v2\/categories?post=8862"},{"taxonomy":"post_tag","embeddable":true,"href":"https:\/\/www.ambienteyenergia.gob.ec\/ambiente\/wp-json\/wp\/v2\/tags?post=8862"}],"curies":[{"name":"wp","href":"https:\/\/api.w.org\/{rel}","templated":true}]}}