{"id":8855,"date":"2013-01-21T09:35:14","date_gmt":"2013-01-21T14:35:14","guid":{"rendered":"http:\/\/www.ambiente.gob.ec\/?p=8855"},"modified":"2013-01-21T09:38:17","modified_gmt":"2013-01-21T14:38:17","slug":"operativo-retiene-volqueta-por-realizar-rellenos-ilicitos-en-las-riberas-del-estero-del-muerto-guayaquil","status":"publish","type":"post","link":"https:\/\/www.ambienteyenergia.gob.ec\/ambiente\/operativo-retiene-volqueta-por-realizar-rellenos-ilicitos-en-las-riberas-del-estero-del-muerto-guayaquil\/","title":{"rendered":"Operativo retiene volqueta por realizar rellenos il\u00edcitos en las riberas del Estero del Muerto (Guayaquil)"},"content":{"rendered":"<p style=\"text-align: justify;\">El pasado mi\u00e9rcoles, el Ministerio del Ambiente (MAE) procedi\u00f3 a la retenci\u00f3n de una volqueta que se encontraba rellenando de manera ilegal la ribera del Estero del Muerto en la cooperativa M\u00e9lida de Toral, Isla Trinitaria (Guayaquil).<\/p>\n<p style=\"text-align: justify;\">Dicho automotor con placas RDA-2311 pertenecer\u00eda a la empresa Fluidis de Hydrapac, la misma que ser\u00eda contratista de Interagua. El chofer, encontrado en delito flagrante, huy\u00f3 del lugar al percatarse de la presencia policial.<\/p>\n<p style=\"text-align: justify;\">Posteriormente, las autoridades de control trasladaron el veh\u00edculo a las instalaciones de la Polic\u00eda Judicial (PJ), en el lugar se procedi\u00f3 a realizar la respectiva denuncia. Esperando los tr\u00e1mites judiciales pertinentes.<\/p>\n<p style=\"text-align: justify;\">Este hecho se registr\u00f3 como parte de la estrategia de operativos de control interinstitucionales que ejecuta el MAE a trav\u00e9s de su proyecto Guayaquil Ecol\u00f3gico &#8211; Componente Estero Salado. Los operativos se realizan desde julio del 2012 en coordinaci\u00f3n con la Polic\u00eda Nacional (PN) y la Direcci\u00f3n Nacional de Espacios Acu\u00e1ticos (DIRNEA).<\/p>\n<p style=\"text-align: justify;\">Se tiene planificado incrementar los controles, y as\u00ed, frenar los rellenos para asentamientos habitacionales irregulares, los cuales, provocan el estrechamiento del cauce del estero, afectando el intercambio de aguas por efectos de la marea.<\/p>\n<p style=\"text-align: justify;\">Esto, produce el aumento de los niveles de contaminaci\u00f3n en los ramales; adem\u00e1s, se altera el ecosistema perjudicando a la flora y fauna que habita la zona.<\/p>\n<p style=\"text-align: justify;\"><strong>Fotos<\/strong>:<\/p>\n<div id='gallery-1' class='gallery galleryid-8855 gallery-columns-3 gallery-size-thumbnail'><dl class='gallery-item'>\n\t\t\t<dt class='gallery-icon landscape'>\n\t\t\t\t<a href='https:\/\/www.ambienteyenergia.gob.ec\/ambiente\/operativo-retiene-volqueta-por-realizar-rellenos-ilicitos-en-las-riberas-del-estero-del-muerto-guayaquil\/volqueta2\/'><img loading=\"lazy\" decoding=\"async\" width=\"150\" height=\"150\" src=\"https:\/\/www.ambienteyenergia.gob.ec\/ambiente\/wp-content\/uploads\/sites\/2\/2013\/01\/volqueta2-150x150.jpg\" class=\"attachment-thumbnail size-thumbnail\" alt=\"\" \/><\/a>\n\t\t\t<\/dt><\/dl><dl class='gallery-item'>\n\t\t\t<dt class='gallery-icon landscape'>\n\t\t\t\t<a href='https:\/\/www.ambienteyenergia.gob.ec\/ambiente\/operativo-retiene-volqueta-por-realizar-rellenos-ilicitos-en-las-riberas-del-estero-del-muerto-guayaquil\/volque1\/'><img loading=\"lazy\" decoding=\"async\" width=\"150\" height=\"150\" src=\"https:\/\/www.ambienteyenergia.gob.ec\/ambiente\/wp-content\/uploads\/sites\/2\/2013\/01\/volque1-150x150.jpg\" class=\"attachment-thumbnail size-thumbnail\" alt=\"\" \/><\/a>\n\t\t\t<\/dt><\/dl><dl class='gallery-item'>\n\t\t\t<dt class='gallery-icon landscape'>\n\t\t\t\t<a href='https:\/\/www.ambienteyenergia.gob.ec\/ambiente\/operativo-retiene-volqueta-por-realizar-rellenos-ilicitos-en-las-riberas-del-estero-del-muerto-guayaquil\/volqueta1\/'><img loading=\"lazy\" decoding=\"async\" width=\"150\" height=\"150\" src=\"https:\/\/www.ambienteyenergia.gob.ec\/ambiente\/wp-content\/uploads\/sites\/2\/2013\/01\/volqueta1-150x150.jpg\" class=\"attachment-thumbnail size-thumbnail\" alt=\"\" \/><\/a>\n\t\t\t<\/dt><\/dl><br style=\"clear: both\" \/>\n\t\t<\/div>\n\n","protected":false},"excerpt":{"rendered":"<p class=\"excerpt\">El pasado mi\u00e9rcoles, el Ministerio del Ambiente (MAE) procedi\u00f3 a la retenci\u00f3n de una volqueta que se encontraba rellenando de manera ilegal la ribera del Estero del Muerto en la cooperativa M\u00e9lida de Toral, Isla Trinitaria (Guayaquil). Dicho automotor con placas RDA-2311 pertenecer\u00eda a la empresa Fluidis de Hydrapac, la misma que ser\u00eda contratista de Interagua. El chofer, encontrado en&hellip; <a href=\"https:\/\/www.ambienteyenergia.gob.ec\/ambiente\/operativo-retiene-volqueta-por-realizar-rellenos-ilicitos-en-las-riberas-del-estero-del-muerto-guayaquil\/\">Read more &rarr;<\/a><\/p>\n","protected":false},"author":13,"featured_media":8858,"comment_status":"open","ping_status":"open","sticky":false,"template":"","format":"standard","meta":{"footnotes":""},"categories":[16,4],"tags":[],"class_list":["post-8855","post","type-post","status-publish","format-standard","has-post-thumbnail","hentry","category-comunicamos","category-noticias","xfolkentry"],"_links":{"self":[{"href":"https:\/\/www.ambienteyenergia.gob.ec\/ambiente\/wp-json\/wp\/v2\/posts\/8855","targetHints":{"allow":["GET"]}}],"collection":[{"href":"https:\/\/www.ambienteyenergia.gob.ec\/ambiente\/wp-json\/wp\/v2\/posts"}],"about":[{"href":"https:\/\/www.ambienteyenergia.gob.ec\/ambiente\/wp-json\/wp\/v2\/types\/post"}],"author":[{"embeddable":true,"href":"https:\/\/www.ambienteyenergia.gob.ec\/ambiente\/wp-json\/wp\/v2\/users\/13"}],"replies":[{"embeddable":true,"href":"https:\/\/www.ambienteyenergia.gob.ec\/ambiente\/wp-json\/wp\/v2\/comments?post=8855"}],"version-history":[{"count":0,"href":"https:\/\/www.ambienteyenergia.gob.ec\/ambiente\/wp-json\/wp\/v2\/posts\/8855\/revisions"}],"wp:featuredmedia":[{"embeddable":true,"href":"https:\/\/www.ambienteyenergia.gob.ec\/ambiente\/wp-json\/wp\/v2\/media\/8858"}],"wp:attachment":[{"href":"https:\/\/www.ambienteyenergia.gob.ec\/ambiente\/wp-json\/wp\/v2\/media?parent=8855"}],"wp:term":[{"taxonomy":"category","embeddable":true,"href":"https:\/\/www.ambienteyenergia.gob.ec\/ambiente\/wp-json\/wp\/v2\/categories?post=8855"},{"taxonomy":"post_tag","embeddable":true,"href":"https:\/\/www.ambienteyenergia.gob.ec\/ambiente\/wp-json\/wp\/v2\/tags?post=8855"}],"curies":[{"name":"wp","href":"https:\/\/api.w.org\/{rel}","templated":true}]}}