{"id":8843,"date":"2013-01-18T00:52:26","date_gmt":"2013-01-18T05:52:26","guid":{"rendered":"http:\/\/www.ambiente.gob.ec\/?p=8843"},"modified":"2013-01-19T11:07:15","modified_gmt":"2013-01-19T16:07:15","slug":"mae-combate-la-mineria-ilegal","status":"publish","type":"post","link":"https:\/\/www.ambienteyenergia.gob.ec\/ambiente\/mae-combate-la-mineria-ilegal\/","title":{"rendered":"MAE combate la miner\u00eda ilegal"},"content":{"rendered":"<p style=\"text-align: justify;\">A nivel nacional, las acciones para combatir la miner\u00eda ilegal est\u00e1n amparadas en el Decreto Ejecutivo No. 754 del 6 de mayo del 2011. La adenda crea, con varias instituciones, la Comisi\u00f3n Especial para el Control de la Miner\u00eda Ilegal (CECMI).<\/p>\n<p style=\"text-align: justify;\">Ante la problem\u00e1tica coyuntural, y bajo el Decreto Ejecutivo No 1172 del 17 mayo del 2012, la Comisi\u00f3n CECMI trabaja de manera indefinida hasta controlar el problema de forma integral.<\/p>\n<p style=\"text-align: justify;\">La labor pasa por coordinar, gestionar y asesorar la ejecuci\u00f3n de acciones para combatir este problema y es la responsable del Plan Integral para la Erradicaci\u00f3n de la Miner\u00eda Ilegal que est\u00e1 en ejecuci\u00f3n.<\/p>\n<p style=\"text-align: justify;\"><strong>Problem\u00e1tica regional<\/strong><\/p>\n<p style=\"text-align: justify;\">La Comunidad Andina de Naciones (CAN) analiz\u00f3 el conflicto en julio del 2012. Autoridades de Ecuador, Colombia, Bolivia y Per\u00fa definieron el texto de la \u00abPropuesta Pol\u00edtica Andina de Lucha Contra La Miner\u00eda Ilegal\u201d que fue aprobado y expedido mediante publicaci\u00f3n No. 2103 de la Gaceta Oficial del Acuerdo de Cartagena en octubre del mismo a\u00f1o.<\/p>\n<p style=\"text-align: justify;\"><strong>Acci\u00f3n por delitos ambientales<\/strong><\/p>\n<p style=\"text-align: justify;\">Paralelamente a estos procesos, MAE realiz\u00f3 una serie de talleres de capacitaci\u00f3n en delito ambiental y procedimientos penales y administrativos enfocados al control de la miner\u00eda ilegal.<\/p>\n<p style=\"text-align: justify;\">Los operativos m\u00e1s recientes se realizaron en Napo, Esmeraldas, Carchi y Azuay.<\/p>\n<p style=\"text-align: justify;\">El Ministerio del Ambiente, dentro de sus competencias, tiene activadas las siguientes denuncias ante la fiscal\u00eda por delitos ambientales generados por la minera ilegal:<\/p>\n<p style=\"text-align: justify;\">Azuay-Shumiral (DENUNCIA)<br \/>\nZamora Chinchipe (San Luis-Podocarpus)(ETAPA DE JUICIO)<br \/>\nZamora Chinchipe (Yacuambi) (INSTRUCCION FISCAL) (ACUSACI\u00d3N PARTICULAR PRESENTADA)<br \/>\nMorona Santiago (DENUNCIA)<br \/>\nNapo (DENUNCIA)<\/p>\n","protected":false},"excerpt":{"rendered":"<p class=\"excerpt\">A nivel nacional, las acciones para combatir la miner\u00eda ilegal est\u00e1n amparadas en el Decreto Ejecutivo No. 754 del 6 de mayo del 2011. La adenda crea, con varias instituciones, la Comisi\u00f3n Especial para el Control de la Miner\u00eda Ilegal (CECMI). Ante la problem\u00e1tica coyuntural, y bajo el Decreto Ejecutivo No 1172 del 17 mayo del 2012, la Comisi\u00f3n CECMI&hellip; <a href=\"https:\/\/www.ambienteyenergia.gob.ec\/ambiente\/mae-combate-la-mineria-ilegal\/\">Read more &rarr;<\/a><\/p>\n","protected":false},"author":13,"featured_media":0,"comment_status":"open","ping_status":"open","sticky":false,"template":"","format":"standard","meta":{"footnotes":""},"categories":[16,4],"tags":[],"class_list":["post-8843","post","type-post","status-publish","format-standard","hentry","category-comunicamos","category-noticias","xfolkentry"],"_links":{"self":[{"href":"https:\/\/www.ambienteyenergia.gob.ec\/ambiente\/wp-json\/wp\/v2\/posts\/8843","targetHints":{"allow":["GET"]}}],"collection":[{"href":"https:\/\/www.ambienteyenergia.gob.ec\/ambiente\/wp-json\/wp\/v2\/posts"}],"about":[{"href":"https:\/\/www.ambienteyenergia.gob.ec\/ambiente\/wp-json\/wp\/v2\/types\/post"}],"author":[{"embeddable":true,"href":"https:\/\/www.ambienteyenergia.gob.ec\/ambiente\/wp-json\/wp\/v2\/users\/13"}],"replies":[{"embeddable":true,"href":"https:\/\/www.ambienteyenergia.gob.ec\/ambiente\/wp-json\/wp\/v2\/comments?post=8843"}],"version-history":[{"count":0,"href":"https:\/\/www.ambienteyenergia.gob.ec\/ambiente\/wp-json\/wp\/v2\/posts\/8843\/revisions"}],"wp:attachment":[{"href":"https:\/\/www.ambienteyenergia.gob.ec\/ambiente\/wp-json\/wp\/v2\/media?parent=8843"}],"wp:term":[{"taxonomy":"category","embeddable":true,"href":"https:\/\/www.ambienteyenergia.gob.ec\/ambiente\/wp-json\/wp\/v2\/categories?post=8843"},{"taxonomy":"post_tag","embeddable":true,"href":"https:\/\/www.ambienteyenergia.gob.ec\/ambiente\/wp-json\/wp\/v2\/tags?post=8843"}],"curies":[{"name":"wp","href":"https:\/\/api.w.org\/{rel}","templated":true}]}}