{"id":8833,"date":"2013-01-19T10:19:46","date_gmt":"2013-01-19T15:19:46","guid":{"rendered":"http:\/\/www.ambiente.gob.ec\/?p=8833"},"modified":"2013-01-19T10:44:48","modified_gmt":"2013-01-19T15:44:48","slug":"se-decomiso-mono-capuchino-encadenado-pero-el-otro-huyo","status":"publish","type":"post","link":"https:\/\/www.ambienteyenergia.gob.ec\/ambiente\/se-decomiso-mono-capuchino-encadenado-pero-el-otro-huyo\/","title":{"rendered":"Se decomis\u00f3 mono capuchino encadenado, pero el otro huy\u00f3"},"content":{"rendered":"<p style=\"text-align: justify;\">Eran las 9:00 y los vecinos alertaron al personal de la Direcci\u00f3n Provincial del Ambiente de Guayas (DPAG) del Ministerio del Ambiente (MAE) de la presencia del mono capuchino adormitado bajo una mata de cacao en una de las casas de la 12 y Sedalana.<\/p>\n<p style=\"text-align: justify;\">Do\u00f1a Olga C\u00f3rdova, propietaria del inmueble, mencion\u00f3 que no se atrevi\u00f3 a tocar al mono por miedo, por eso llam\u00f3 a los t\u00e9cnicos para que se lo lleven, pero el animal se levant\u00f3 del lugar y se subi\u00f3 a una rama del \u00e1rbol de guaba que ella tambi\u00e9n tiene en su patio.<\/p>\n<p style=\"text-align: justify;\">En dicho \u00e1rbol permaneci\u00f3 hasta que llegaron los t\u00e9cnicos del MAE, al percatarse de su presencia, la de los medios de comunicaci\u00f3n y dem\u00e1s vecinos del lugar, aunque aletargado por el medicamento, empez\u00f3 su retirada.<\/p>\n<p style=\"text-align: justify;\">Su andar era m\u00e1s lento que de costumbre, pero segu\u00eda alerta evidenciando que el efecto del sedante estaba pasando. Al respecto los t\u00e9cnicos aseguraron que debido a la ingesta continua de otros alimentos como el mango y la guaba que cog\u00eda de los \u00e1rboles se va perdiendo el efecto del sedante en su organismo.<\/p>\n<p style=\"text-align: justify;\">En la inspecci\u00f3n se observ\u00f3 que hab\u00eda ingerido 2 huevos y un trozo de guineo que ten\u00edan el sedante, pero tambi\u00e9n una mazorca de cacao, mangos y m\u00e1s guabas.<\/p>\n<p style=\"text-align: justify;\">Por horas el mono pas\u00f3 de un \u00e1rbol al techo de las casas circundantes a la de Do\u00f1a Olga, demostrando su pereza, pero los presentes le lanzaron piedras haciendo que el primate cruce hasta las siguientes cuadras perjudicando el operativo.<\/p>\n<p style=\"text-align: justify;\">Cerca del mediod\u00eda llegaron 6 t\u00e9cnicos del Parque Hist\u00f3rico, quienes con redes y sujetadores en mano se sumaron a la b\u00fasqueda del esp\u00e9cimen. Nuevamente la actividad result\u00f3 infructuosa ya que los moradores en su af\u00e1n de ahuyentar al animal de sus patios hac\u00edan bulla o lanzaban objetos, sin contar con las decenas de curiosos que persegu\u00edan a los t\u00e9cnicos.<\/p>\n<p style=\"text-align: justify;\">Ante ello, el Ministerio del Ambiente solicita la comprensi\u00f3n y colaboraci\u00f3n de la ciudadan\u00eda del Suburbio de Guayaquil, manteniendo la calma y silencio, permitiendo que los t\u00e9cnicos realicen la captura del mono capuchino que anda suelto, adecuadamente.<\/p>\n<p style=\"text-align: justify;\">No obstante, el operativo permiti\u00f3 el retiro de otro mono capuchino que permanec\u00eda encerrado en una vivienda de la 14 y Francisco Segura, el cual se encontraba amarrado con una cadena desde su cadera a un pilar de la vivienda.<\/p>\n<p style=\"text-align: justify;\">Aunque Melba de Moscoso protest\u00f3 por la medida alegando haberlo comprado, las explicaciones legales de los t\u00e9cnicos y la polic\u00eda hicieron que la se\u00f1ora acceda a entregar voluntariamente al mono de sexo hembra, que fue trasladado a un centro de rescate.<\/p>\n<p style=\"text-align: justify;\">Reiteramos que la tenencia y el tr\u00e1fico de especies silvestres es un delito y es sancionado por la Constituci\u00f3n y la Ley ambiental vigente, por lo que instamos a realizar las denuncias a la Direcci\u00f3n Provincial del Guayas, calle Pichincha y 9 de octubre, piso 9, a los tel\u00e9fonos 2320383 \u2013 2320658; tambi\u00e9n en la p\u00e1gina web del Ministerio del Ambiente <a href=\"http:\/\/www.ambienteyenergia.gob.ec\/ambiente\/contacto\/\" target=\"_blank\">http:\/\/www.ambienteyenergia.gob.ec\/ambiente\/contacto\/<\/a>, o al 1800-AMBIENTE (26243683).<\/p>\n<p style=\"text-align: justify;\">Se volvi\u00f3 a colocar alimentos con sedante en el patio de la casa ubicada en la 12 y Sedalana, por ser la m\u00e1s visitada por el mono, en espera de continuar con la estrategia de dormirlo para trasladarlo a un centro de rescate.<\/p>\n<p style=\"text-align: justify;\"><strong>Fotos:<\/strong><\/p>\n<div id='gallery-1' class='gallery galleryid-8833 gallery-columns-3 gallery-size-thumbnail'><dl class='gallery-item'>\n\t\t\t<dt class='gallery-icon landscape'>\n\t\t\t\t<a href='https:\/\/www.ambienteyenergia.gob.ec\/ambiente\/se-decomiso-mono-capuchino-encadenado-pero-el-otro-huyo\/mono1\/'><img loading=\"lazy\" decoding=\"async\" width=\"150\" height=\"150\" src=\"https:\/\/www.ambienteyenergia.gob.ec\/ambiente\/wp-content\/uploads\/sites\/2\/2013\/01\/mono1-150x150.jpg\" class=\"attachment-thumbnail size-thumbnail\" alt=\"\" \/><\/a>\n\t\t\t<\/dt><\/dl><dl class='gallery-item'>\n\t\t\t<dt class='gallery-icon landscape'>\n\t\t\t\t<a href='https:\/\/www.ambienteyenergia.gob.ec\/ambiente\/se-decomiso-mono-capuchino-encadenado-pero-el-otro-huyo\/mono2\/'><img loading=\"lazy\" decoding=\"async\" width=\"150\" height=\"150\" src=\"https:\/\/www.ambienteyenergia.gob.ec\/ambiente\/wp-content\/uploads\/sites\/2\/2013\/01\/mono2-150x150.jpg\" class=\"attachment-thumbnail size-thumbnail\" alt=\"\" \/><\/a>\n\t\t\t<\/dt><\/dl><dl class='gallery-item'>\n\t\t\t<dt class='gallery-icon landscape'>\n\t\t\t\t<a href='https:\/\/www.ambienteyenergia.gob.ec\/ambiente\/se-decomiso-mono-capuchino-encadenado-pero-el-otro-huyo\/mono3\/'><img loading=\"lazy\" decoding=\"async\" width=\"150\" height=\"150\" src=\"https:\/\/www.ambienteyenergia.gob.ec\/ambiente\/wp-content\/uploads\/sites\/2\/2013\/01\/mono3-150x150.jpg\" class=\"attachment-thumbnail size-thumbnail\" alt=\"\" \/><\/a>\n\t\t\t<\/dt><\/dl><br style=\"clear: both\" \/>\n\t\t<\/div>\n\n","protected":false},"excerpt":{"rendered":"<p class=\"excerpt\">Eran las 9:00 y los vecinos alertaron al personal de la Direcci\u00f3n Provincial del Ambiente de Guayas (DPAG) del Ministerio del Ambiente (MAE) de la presencia del mono capuchino adormitado bajo una mata de cacao en una de las casas de la 12 y Sedalana. Do\u00f1a Olga C\u00f3rdova, propietaria del inmueble, mencion\u00f3 que no se atrevi\u00f3 a tocar al mono&hellip; <a href=\"https:\/\/www.ambienteyenergia.gob.ec\/ambiente\/se-decomiso-mono-capuchino-encadenado-pero-el-otro-huyo\/\">Read more &rarr;<\/a><\/p>\n","protected":false},"author":13,"featured_media":8836,"comment_status":"open","ping_status":"open","sticky":false,"template":"","format":"standard","meta":{"footnotes":""},"categories":[16,4],"tags":[],"class_list":["post-8833","post","type-post","status-publish","format-standard","has-post-thumbnail","hentry","category-comunicamos","category-noticias","xfolkentry"],"_links":{"self":[{"href":"https:\/\/www.ambienteyenergia.gob.ec\/ambiente\/wp-json\/wp\/v2\/posts\/8833","targetHints":{"allow":["GET"]}}],"collection":[{"href":"https:\/\/www.ambienteyenergia.gob.ec\/ambiente\/wp-json\/wp\/v2\/posts"}],"about":[{"href":"https:\/\/www.ambienteyenergia.gob.ec\/ambiente\/wp-json\/wp\/v2\/types\/post"}],"author":[{"embeddable":true,"href":"https:\/\/www.ambienteyenergia.gob.ec\/ambiente\/wp-json\/wp\/v2\/users\/13"}],"replies":[{"embeddable":true,"href":"https:\/\/www.ambienteyenergia.gob.ec\/ambiente\/wp-json\/wp\/v2\/comments?post=8833"}],"version-history":[{"count":0,"href":"https:\/\/www.ambienteyenergia.gob.ec\/ambiente\/wp-json\/wp\/v2\/posts\/8833\/revisions"}],"wp:featuredmedia":[{"embeddable":true,"href":"https:\/\/www.ambienteyenergia.gob.ec\/ambiente\/wp-json\/wp\/v2\/media\/8836"}],"wp:attachment":[{"href":"https:\/\/www.ambienteyenergia.gob.ec\/ambiente\/wp-json\/wp\/v2\/media?parent=8833"}],"wp:term":[{"taxonomy":"category","embeddable":true,"href":"https:\/\/www.ambienteyenergia.gob.ec\/ambiente\/wp-json\/wp\/v2\/categories?post=8833"},{"taxonomy":"post_tag","embeddable":true,"href":"https:\/\/www.ambienteyenergia.gob.ec\/ambiente\/wp-json\/wp\/v2\/tags?post=8833"}],"curies":[{"name":"wp","href":"https:\/\/api.w.org\/{rel}","templated":true}]}}