{"id":8821,"date":"2013-01-18T16:21:30","date_gmt":"2013-01-18T21:21:30","guid":{"rendered":"http:\/\/www.ambiente.gob.ec\/?p=8821"},"modified":"2013-01-18T16:31:57","modified_gmt":"2013-01-18T21:31:57","slug":"estudio-genetico-revela-linaje-de-pepe-el-misionero","status":"publish","type":"post","link":"https:\/\/www.ambienteyenergia.gob.ec\/ambiente\/estudio-genetico-revela-linaje-de-pepe-el-misionero\/","title":{"rendered":"Estudio gen\u00e9tico revela linaje de Pepe \u00abEl Misionero\u00bb"},"content":{"rendered":"<p style=\"text-align: justify;\">La tortuga, que desde el a\u00f1o pasado est\u00e1 en el Centro de interpretaci\u00f3n del Ministerio del Ambiente, a trav\u00e9s de la Direcci\u00f3n Parque Nacional Gal\u00e1pagos, proviene de volc\u00e1n Wolf, en la isla Isabela (Gal\u00e1pagos).<\/p>\n<p>Identificar el origen de la tortuga gal\u00e1pago Pepe \u00abEl Misionero\u00bb, fue uno de los objetivos del acuerdo entre la DPNG y el Vicariato Apost\u00f3lico de Gal\u00e1pagos. La adenda traslad\u00f3 al quelonio desde la Misi\u00f3n Franciscana, donde habit\u00f3 durante d\u00e9cadas, hasta el Centro de interpretaci\u00f3n de la DPNG en San Crist\u00f3bal.<\/p>\n<p>T\u00e9cnicos de la DPNG extrajeron muestras de sangre de la tortuga en junio del 2012, las cuales fueron enviadas a la Universidad de Yale (New Haven, Estados Unidos). La instituci\u00f3n de alto nivel en su Departamento de Ecolog\u00eda y Biolog\u00eda Evolutiva inici\u00f3 los estudios del ADN mitocondrial y ADN nuclear.<\/p>\n<p>Para el estudio, los cient\u00edficos combinaron las secuencias del Pepe \u00abEl Misionero\u00bb con las secuencias referenciales de su base de datos. El an\u00e1lisis demostr\u00f3 que su linaje es gen\u00e9ticamente id\u00e9ntico al de las tortugas que habitan en Piedras Blancas, en el volc\u00e1n Wolf, de la isla Isabela.<\/p>\n<p><strong>Historia<\/strong><\/p>\n<p>Antes de los resultados del estudio gen\u00e9tico, de la tortuga m\u00e1s famosa de San Crist\u00f3bal, se conoc\u00eda que el quelonio fue retirado de su h\u00e1bitat en el noreste de la isla, por un grupo de pescadores que la entregaron a Segundo Manuel Agama.<\/p>\n<p>\u00c9l habitante de Puerto Baquerizo Moreno le dio el nombre de Pepe y se encarg\u00f3 de su cuidado durante 18 a\u00f1os; luego fue entregada a los sacerdotes de la Misi\u00f3n Franciscana, donde permaneci\u00f3 m\u00e1s de 40 a\u00f1os.<\/p>\n<p>Desde septiembre del 2012 la tortuga est\u00e1 bajo el cuidado de los guardaparques de la direcci\u00f3n t\u00e9cnica de San Crist\u00f3bal, en un corral que fue construido para este individuo en el Centro de Interpretaci\u00f3n de\u00a0 esta isla. Ah\u00ed recibe los controles y chequeos veterinarios que necesita.<\/p>\n<p>Paralelamente a estas acciones, la autoridad ambiental dise\u00f1\u00f3 un plan de manejo para decidir el destino del quelonio, considerando que \u00e9ste ha pasado en cautiverio la mayor parte de su vida en condiciones de exposici\u00f3n a potenciales enfermedades como bacterias y virus.<\/p>\n<p>Durante ese tiempo ser\u00e1 preparado para ser devuelto a su h\u00e1bitat natural, sin poner en riesgo la poblaci\u00f3n de tortugas de Piedras Blancas, en volc\u00e1n Wolf, en Isabela.<\/p>\n<p style=\"text-align: justify;\"><strong>La foto<\/strong>:<\/p>\n<p style=\"text-align: justify;\"><a href=\"http:\/\/www.ambienteyenergia.gob.ec\/ambiente\/wp-content\/uploads\/2013\/01\/pepe1.jpg\"><img loading=\"lazy\" decoding=\"async\" class=\"aligncenter size-full wp-image-8824\" title=\"La tortuga, que desde el a\u00f1o pasado est\u00e1 en el Centro de interpretaci\u00f3n del Ministerio del Ambiente, a trav\u00e9s de la Direcci\u00f3n Parque Nacional Gal\u00e1pagos, proviene de volc\u00e1n Wolf, en la isla Isabela (Gal\u00e1pagos).  \" src=\"http:\/\/www.ambienteyenergia.gob.ec\/ambiente\/wp-content\/uploads\/2013\/01\/pepe1.jpg\" alt=\"\" width=\"670\" height=\"438\" srcset=\"https:\/\/www.ambienteyenergia.gob.ec\/ambiente\/wp-content\/uploads\/sites\/2\/2013\/01\/pepe1.jpg 670w, https:\/\/www.ambienteyenergia.gob.ec\/ambiente\/wp-content\/uploads\/sites\/2\/2013\/01\/pepe1-300x196.jpg 300w, https:\/\/www.ambienteyenergia.gob.ec\/ambiente\/wp-content\/uploads\/sites\/2\/2013\/01\/pepe1-458x300.jpg 458w\" sizes=\"auto, (max-width: 670px) 100vw, 670px\" \/><\/a><\/p>\n<p style=\"text-align: justify;\">\n","protected":false},"excerpt":{"rendered":"<p class=\"excerpt\">La tortuga, que desde el a\u00f1o pasado est\u00e1 en el Centro de interpretaci\u00f3n del Ministerio del Ambiente, a trav\u00e9s de la Direcci\u00f3n Parque Nacional Gal\u00e1pagos, proviene de volc\u00e1n Wolf, en la isla Isabela (Gal\u00e1pagos). Identificar el origen de la tortuga gal\u00e1pago Pepe \u00abEl Misionero\u00bb, fue uno de los objetivos del acuerdo entre la DPNG y el Vicariato Apost\u00f3lico de Gal\u00e1pagos.&hellip; <a href=\"https:\/\/www.ambienteyenergia.gob.ec\/ambiente\/estudio-genetico-revela-linaje-de-pepe-el-misionero\/\">Read more &rarr;<\/a><\/p>\n","protected":false},"author":13,"featured_media":8828,"comment_status":"open","ping_status":"open","sticky":false,"template":"","format":"standard","meta":{"footnotes":""},"categories":[16,4],"tags":[56,210,53,54,211],"class_list":["post-8821","post","type-post","status-publish","format-standard","has-post-thumbnail","hentry","category-comunicamos","category-noticias","tag-galapagos","tag-isabela","tag-mae","tag-ministerio-del-ambiente","tag-tortuga","xfolkentry"],"_links":{"self":[{"href":"https:\/\/www.ambienteyenergia.gob.ec\/ambiente\/wp-json\/wp\/v2\/posts\/8821","targetHints":{"allow":["GET"]}}],"collection":[{"href":"https:\/\/www.ambienteyenergia.gob.ec\/ambiente\/wp-json\/wp\/v2\/posts"}],"about":[{"href":"https:\/\/www.ambienteyenergia.gob.ec\/ambiente\/wp-json\/wp\/v2\/types\/post"}],"author":[{"embeddable":true,"href":"https:\/\/www.ambienteyenergia.gob.ec\/ambiente\/wp-json\/wp\/v2\/users\/13"}],"replies":[{"embeddable":true,"href":"https:\/\/www.ambienteyenergia.gob.ec\/ambiente\/wp-json\/wp\/v2\/comments?post=8821"}],"version-history":[{"count":0,"href":"https:\/\/www.ambienteyenergia.gob.ec\/ambiente\/wp-json\/wp\/v2\/posts\/8821\/revisions"}],"wp:featuredmedia":[{"embeddable":true,"href":"https:\/\/www.ambienteyenergia.gob.ec\/ambiente\/wp-json\/wp\/v2\/media\/8828"}],"wp:attachment":[{"href":"https:\/\/www.ambienteyenergia.gob.ec\/ambiente\/wp-json\/wp\/v2\/media?parent=8821"}],"wp:term":[{"taxonomy":"category","embeddable":true,"href":"https:\/\/www.ambienteyenergia.gob.ec\/ambiente\/wp-json\/wp\/v2\/categories?post=8821"},{"taxonomy":"post_tag","embeddable":true,"href":"https:\/\/www.ambienteyenergia.gob.ec\/ambiente\/wp-json\/wp\/v2\/tags?post=8821"}],"curies":[{"name":"wp","href":"https:\/\/api.w.org\/{rel}","templated":true}]}}