{"id":8816,"date":"2013-01-18T14:59:21","date_gmt":"2013-01-18T19:59:21","guid":{"rendered":"http:\/\/www.ambiente.gob.ec\/?p=8816"},"modified":"2013-01-18T14:59:21","modified_gmt":"2013-01-18T19:59:21","slug":"mae-firma-covenio-para-organizar-desechos-solidos","status":"publish","type":"post","link":"https:\/\/www.ambienteyenergia.gob.ec\/ambiente\/mae-firma-covenio-para-organizar-desechos-solidos\/","title":{"rendered":"MAE firma covenio para organizar desechos s\u00f3lidos"},"content":{"rendered":"<p style=\"text-align: justify;\">El Ministerio del Ambiente (MAE), a trav\u00e9s del Programa de Desechos S\u00f3lidos firm\u00f3 un convenio con los Municipios de Pujil\u00ed y Saquisil\u00ed, con el objetivo de fortalecer las relaciones de cooperaci\u00f3n y compartir avances en relaci\u00f3n con el manejo de la gesti\u00f3n integral de desechos s\u00f3lidos.<\/p>\n<p>Del acuerdo fueron part\u00edcipes Fabi\u00e1n Espinoza, Gerente del Programa Nacional para la Gesti\u00f3n Integral de Desechos S\u00f3lidos; Gustavo Ca\u00f1ar, Alcalde del GAD de Pujil\u00ed; Martha Sandoval Concejal del GAD de Saquisil\u00ed y Ana Bel\u00e9n Mar\u00edn, Directora Provincial del MAE en Cotopaxi.<\/p>\n<p>Esta Cartera de Estado asume el compromiso de financiar los estudios de preinversi\u00f3n, diagn\u00f3stico y dise\u00f1o definitivo de las etapas de la gesti\u00f3n integral de desechos s\u00f3lidos, incluyendo el estudio de cierres t\u00e9cnicos de botaderos.<\/p>\n","protected":false},"excerpt":{"rendered":"<p class=\"excerpt\">El Ministerio del Ambiente (MAE), a trav\u00e9s del Programa de Desechos S\u00f3lidos firm\u00f3 un convenio con los Municipios de Pujil\u00ed y Saquisil\u00ed, con el objetivo de fortalecer las relaciones de cooperaci\u00f3n y compartir avances en relaci\u00f3n con el manejo de la gesti\u00f3n integral de desechos s\u00f3lidos. Del acuerdo fueron part\u00edcipes Fabi\u00e1n Espinoza, Gerente del Programa Nacional para la Gesti\u00f3n Integral&hellip; <a href=\"https:\/\/www.ambienteyenergia.gob.ec\/ambiente\/mae-firma-covenio-para-organizar-desechos-solidos\/\">Read more &rarr;<\/a><\/p>\n","protected":false},"author":13,"featured_media":8817,"comment_status":"open","ping_status":"open","sticky":false,"template":"","format":"standard","meta":{"footnotes":""},"categories":[16,4],"tags":[],"class_list":["post-8816","post","type-post","status-publish","format-standard","has-post-thumbnail","hentry","category-comunicamos","category-noticias","xfolkentry"],"_links":{"self":[{"href":"https:\/\/www.ambienteyenergia.gob.ec\/ambiente\/wp-json\/wp\/v2\/posts\/8816","targetHints":{"allow":["GET"]}}],"collection":[{"href":"https:\/\/www.ambienteyenergia.gob.ec\/ambiente\/wp-json\/wp\/v2\/posts"}],"about":[{"href":"https:\/\/www.ambienteyenergia.gob.ec\/ambiente\/wp-json\/wp\/v2\/types\/post"}],"author":[{"embeddable":true,"href":"https:\/\/www.ambienteyenergia.gob.ec\/ambiente\/wp-json\/wp\/v2\/users\/13"}],"replies":[{"embeddable":true,"href":"https:\/\/www.ambienteyenergia.gob.ec\/ambiente\/wp-json\/wp\/v2\/comments?post=8816"}],"version-history":[{"count":0,"href":"https:\/\/www.ambienteyenergia.gob.ec\/ambiente\/wp-json\/wp\/v2\/posts\/8816\/revisions"}],"wp:featuredmedia":[{"embeddable":true,"href":"https:\/\/www.ambienteyenergia.gob.ec\/ambiente\/wp-json\/wp\/v2\/media\/8817"}],"wp:attachment":[{"href":"https:\/\/www.ambienteyenergia.gob.ec\/ambiente\/wp-json\/wp\/v2\/media?parent=8816"}],"wp:term":[{"taxonomy":"category","embeddable":true,"href":"https:\/\/www.ambienteyenergia.gob.ec\/ambiente\/wp-json\/wp\/v2\/categories?post=8816"},{"taxonomy":"post_tag","embeddable":true,"href":"https:\/\/www.ambienteyenergia.gob.ec\/ambiente\/wp-json\/wp\/v2\/tags?post=8816"}],"curies":[{"name":"wp","href":"https:\/\/api.w.org\/{rel}","templated":true}]}}