{"id":8774,"date":"2013-01-17T16:30:25","date_gmt":"2013-01-17T21:30:25","guid":{"rendered":"http:\/\/www.ambiente.gob.ec\/?p=8774"},"modified":"2013-01-17T17:50:59","modified_gmt":"2013-01-17T22:50:59","slug":"mas-de-720-mil-usuarios-se-beneficiaron-con-saf","status":"publish","type":"post","link":"https:\/\/www.ambienteyenergia.gob.ec\/ambiente\/mas-de-720-mil-usuarios-se-beneficiaron-con-saf\/","title":{"rendered":"M\u00e1s de 720 mil usuarios se benefician con SAF"},"content":{"rendered":"<p style=\"text-align: justify;\">El Ministerio del Ambiente (MAE) como Autoridad Ambiental, es la encargada de administrar el sector forestal a trav\u00e9s de recursos humanos capacitados y herramientas tecnol\u00f3gicas.<\/p>\n<p style=\"text-align: justify;\">Cumpliendo esta adenda, la Direcci\u00f3n Nacional Forestal (DNF), con la intenci\u00f3n de responder y atender las necesidades y solicitudes de este grupo social, cre\u00f3 el Sistema de Administraci\u00f3n Forestal (SAF), programa funciona desde hace 5 a\u00f1os como aporte al aprovechamiento sustentable de los bosques.<\/p>\n<p style=\"text-align: justify;\">El SAF fomenta la utilizaci\u00f3n legal de los recursos forestales y promueve la inversi\u00f3n extranjera.<\/p>\n<p style=\"text-align: justify;\">En este sentido, Wladimir Tene, Director Nacional Forestal del MAE, coment\u00f3 que el proyecto de \u201cEstad\u00edsticas Forestales\u201d tiene el objetivo de levantar la informaci\u00f3n del sector forestal, sacar estad\u00edsticas y fortalecer su registro.<\/p>\n<p style=\"text-align: justify;\">\u201cEl SAF cumpli\u00f3 sus metas. El prototipo on-line interactivo cuenta con una completa base de datos y servidores de almacenamiento; estos garantizaron la oportunidad, transparencia y libre acceso de informaci\u00f3n a toda la poblaci\u00f3n\u201d, dijo Tene.<\/p>\n<p style=\"text-align: justify;\"><strong>Beneficiarios del SAF<\/strong><\/p>\n<p style=\"text-align: justify;\">El Sistema de Administraci\u00f3n Forestal (SAF), proporciona beneficios como: identificar y registrar a todos los actores de la cadena productiva, mejorar tiempos de respuesta por parte del MAE para los usuarios, transparentar los procesos de gesti\u00f3n e informaci\u00f3n actualizada.<\/p>\n<p style=\"text-align: justify;\">El sistema realiza una gesti\u00f3n participativa, es una herramienta \u00fatil tanto para los finqueros, madereros, intermediario, ejecutores, industriales como para el auditor forestal.<\/p>\n<p style=\"text-align: justify;\">A lo largo de su gesti\u00f3n, gener\u00f3 informaci\u00f3n en l\u00ednea y la difundi\u00f3 a trav\u00e9s del portal: http:\/\/saf.ambiente.gob.ec\/ y publicaciones escritas.<\/p>\n<p style=\"text-align: justify;\">La herramienta seguir\u00e1 en linea y permitir\u00e1 concluir procesos de una manera m\u00e1s r\u00e1pida y eficiente a todos sus usuarios.<\/p>\n<p style=\"text-align: justify;\"><strong>Cifras importantes para revisar<\/strong><\/p>\n<ul style=\"text-align: justify;\">\n<li>Se realizaron 117 talleres de capacitaci\u00f3n sobre el registro forestal con la participaci\u00f3n de 6.615 usuarios.<\/li>\n<li>Se impartieron talleres informativos con la participaci\u00f3n de 7.300 usuarios, para levantar los procesos.<\/li>\n<li>El sistema registr\u00f3 aproximadamente 15.963 permisos al mes.<\/li>\n<li>Se registraron cerca de 850 accesos al sistema al d\u00eda.<\/li>\n<\/ul>\n<p style=\"text-align: justify;\"><strong>Ingresa<\/strong>:<\/p>\n<p style=\"text-align: justify;\"><a href=\"http:\/\/saf.ambiente.gob.ec\/\" target=\"_blank\"><img loading=\"lazy\" decoding=\"async\" class=\"aligncenter size-full wp-image-8778\" title=\"Ingresa con un clic aqu\u00ed\" src=\"http:\/\/www.ambienteyenergia.gob.ec\/ambiente\/wp-content\/uploads\/2013\/01\/safdentro.jpg\" alt=\"\" width=\"650\" height=\"315\" srcset=\"https:\/\/www.ambienteyenergia.gob.ec\/ambiente\/wp-content\/uploads\/sites\/2\/2013\/01\/safdentro.jpg 650w, https:\/\/www.ambienteyenergia.gob.ec\/ambiente\/wp-content\/uploads\/sites\/2\/2013\/01\/safdentro-300x145.jpg 300w, https:\/\/www.ambienteyenergia.gob.ec\/ambiente\/wp-content\/uploads\/sites\/2\/2013\/01\/safdentro-500x242.jpg 500w\" sizes=\"auto, (max-width: 650px) 100vw, 650px\" \/><\/a><\/p>\n","protected":false},"excerpt":{"rendered":"<p class=\"excerpt\">El Ministerio del Ambiente (MAE) como Autoridad Ambiental, es la encargada de administrar el sector forestal a trav\u00e9s de recursos humanos capacitados y herramientas tecnol\u00f3gicas. Cumpliendo esta adenda, la Direcci\u00f3n Nacional Forestal (DNF), con la intenci\u00f3n de responder y atender las necesidades y solicitudes de este grupo social, cre\u00f3 el Sistema de Administraci\u00f3n Forestal (SAF), programa funciona desde hace 5&hellip; <a href=\"https:\/\/www.ambienteyenergia.gob.ec\/ambiente\/mas-de-720-mil-usuarios-se-beneficiaron-con-saf\/\">Read more &rarr;<\/a><\/p>\n","protected":false},"author":13,"featured_media":8776,"comment_status":"open","ping_status":"open","sticky":false,"template":"","format":"standard","meta":{"footnotes":""},"categories":[16,4],"tags":[202,203,48,205,117,108,53,54,204,115],"class_list":["post-8774","post","type-post","status-publish","format-standard","has-post-thumbnail","hentry","category-comunicamos","category-noticias","tag-bosques","tag-cifras","tag-ecuador","tag-estadisticas","tag-forestal","tag-lorena-tapia","tag-mae","tag-ministerio-del-ambiente","tag-monitoreo","tag-saf","xfolkentry"],"_links":{"self":[{"href":"https:\/\/www.ambienteyenergia.gob.ec\/ambiente\/wp-json\/wp\/v2\/posts\/8774","targetHints":{"allow":["GET"]}}],"collection":[{"href":"https:\/\/www.ambienteyenergia.gob.ec\/ambiente\/wp-json\/wp\/v2\/posts"}],"about":[{"href":"https:\/\/www.ambienteyenergia.gob.ec\/ambiente\/wp-json\/wp\/v2\/types\/post"}],"author":[{"embeddable":true,"href":"https:\/\/www.ambienteyenergia.gob.ec\/ambiente\/wp-json\/wp\/v2\/users\/13"}],"replies":[{"embeddable":true,"href":"https:\/\/www.ambienteyenergia.gob.ec\/ambiente\/wp-json\/wp\/v2\/comments?post=8774"}],"version-history":[{"count":0,"href":"https:\/\/www.ambienteyenergia.gob.ec\/ambiente\/wp-json\/wp\/v2\/posts\/8774\/revisions"}],"wp:featuredmedia":[{"embeddable":true,"href":"https:\/\/www.ambienteyenergia.gob.ec\/ambiente\/wp-json\/wp\/v2\/media\/8776"}],"wp:attachment":[{"href":"https:\/\/www.ambienteyenergia.gob.ec\/ambiente\/wp-json\/wp\/v2\/media?parent=8774"}],"wp:term":[{"taxonomy":"category","embeddable":true,"href":"https:\/\/www.ambienteyenergia.gob.ec\/ambiente\/wp-json\/wp\/v2\/categories?post=8774"},{"taxonomy":"post_tag","embeddable":true,"href":"https:\/\/www.ambienteyenergia.gob.ec\/ambiente\/wp-json\/wp\/v2\/tags?post=8774"}],"curies":[{"name":"wp","href":"https:\/\/api.w.org\/{rel}","templated":true}]}}