{"id":8762,"date":"2013-01-17T09:06:42","date_gmt":"2013-01-17T14:06:42","guid":{"rendered":"http:\/\/www.ambiente.gob.ec\/?p=8762"},"modified":"2013-01-17T09:10:29","modified_gmt":"2013-01-17T14:10:29","slug":"la-educacion-ambiental-tema-que-involucra-a-todos","status":"publish","type":"post","link":"https:\/\/www.ambienteyenergia.gob.ec\/ambiente\/la-educacion-ambiental-tema-que-involucra-a-todos\/","title":{"rendered":"La Educaci\u00f3n Ambiental,  tema que involucra a todos"},"content":{"rendered":"<p style=\"text-align: justify;\"><em>\u201cSalvaguardar el medio ambiente. . . Es un principio rector de todo nuestro trabajo en el apoyo del desarrollo sostenible; es un componente esencial en la erradicaci\u00f3n de la pobreza y uno de los cimientos de la paz.\u201d<\/em><br \/>\n<strong><em> Kofi Annan<\/em><\/strong><\/p>\n<p style=\"text-align: justify;\">Desde 1975, cada 26 de enero se conmemora el d\u00eda internacional de la Educaci\u00f3n Ambiental con el prop\u00f3sito de concienciar a la poblaci\u00f3n sobre la problem\u00e1tica ambiental actual, adem\u00e1s de generar soluciones pr\u00e1cticas para los conflictos existentes causados por la actividad del hombre.<\/p>\n<p style=\"text-align: justify;\">Se pretende impulsar h\u00e1bitos y valores ambientales correctos con el fin de disminuir la contaminaci\u00f3n y promover una relaci\u00f3n arm\u00f3nica y respetuosa entre el ser humano y la Pacha Mama.<\/p>\n<p style=\"text-align: justify;\">Al celebrar un nuevo D\u00eda de la Educaci\u00f3n Ambiental, el Ministerio del Ambiente (MAE) considera importante que la ciudadan\u00eda conserve una mirada cr\u00edtica y social respecto al tema, para sumar acciones participativas.<\/p>\n<p style=\"text-align: justify;\">Cumpliendo este objetivo, la Coordinaci\u00f3n General de Planificaci\u00f3n Ambiental del MAE desarrolla importantes procesos de educaci\u00f3n ambiental con una incidencia directa en todos los \u00e1mbitos de la gesti\u00f3n y participaci\u00f3n ciudadana comprometida con el desarrollo sostenible del Ecuador.<\/p>\n<p style=\"text-align: justify;\">Iniciativas como el Plan de Educaci\u00f3n Ambiental Ciudadana &#8216;Somos parte de la soluci\u00f3n&#8217; socializa una serie de estrategias y actividades orientadas a promover conocimientos, actitudes y pr\u00e1cticas ambientales concretas en espacios de desarrollo cotidiano.<\/p>\n<p style=\"text-align: justify;\">Mar\u00eda Fernanda Mora, coordinadora del proyecto, manifest\u00f3 que la estrategia comprende tres programas claves que permiten formar generaciones m\u00e1s conscientes y consecuentes con el ambiente, los h\u00e1bitos de consumo y la protecci\u00f3n de los ecosistemas.<\/p>\n<p style=\"text-align: justify;\"><strong>El objetivo es llegar a la ciudadan\u00eda<\/strong><\/p>\n<p style=\"text-align: justify;\">Seg\u00fan Mora, el reto del Plan de Educaci\u00f3n Ambiental es concienciar a todos los sectores de la poblaci\u00f3n y hacer que se interesen en la protecci\u00f3n ambiental. \u201cLa ciudadan\u00eda debe comprender que el tema del ambiente no es algo externo, sino algo que involucra a todos\u201d.<\/p>\n<p style=\"text-align: justify;\">El primero, la \u201cCasita del Buen Vivir. &#8216;Vivo y Aprendo&#8217;\u201d, dirigida a ni\u00f1os y j\u00f3venes de 4 a 16 a\u00f1os, es un hogar rodante construido a escala infantil con materiales y tecnolog\u00edas amigables con el ambiente.<\/p>\n<p style=\"text-align: justify;\">La casita, acompa\u00f1ada de cuatro carpas pedag\u00f3gicas, realiza visitas a unidades educativas, plazas, parques y centros comerciales para desarrollar actividades l\u00fadicas diferenciadas seg\u00fan grupos de edad.<\/p>\n<p style=\"text-align: justify;\">La \u201cCasita del Buen Vivir\u201d usa energ\u00edas alternativas y consume productos de manera responsable para motivar a desarrollar actitudes y h\u00e1bitos &#8216;verdes&#8217; positivos.<\/p>\n<p style=\"text-align: justify;\">En segundo lugar, los Ecotalleres son un proyecto de capacitaci\u00f3n para l\u00edderes comunitarios residentes en parroquias rurales, se imparten 80 horas de instrucci\u00f3n con el objetivo de replicar la experiencia formativa en otros grupos de su comunidad y apoyar con eficiencia los planes de desarrollo local.<\/p>\n<p style=\"text-align: justify;\">El MAE cuenta con aliados estrat\u00e9gicos para el desarrollo de esta iniciativa como el Consejo Nacional de Gobiernos Parroquiales Rurales del Ecuador (CONAGOPARE) y la Escuela Polit\u00e9cnica del Ej\u00e9rcito (ESPE).<\/p>\n<p style=\"text-align: justify;\">Por \u00faltimo, Ruta Verde iniciar\u00e1 en este a\u00f1o la selecci\u00f3n de 15 \u00e1reas naturales protegidas para trabajar con comunidades en el conocimiento y valoraci\u00f3n del patrimonio natural existente y su incidencia en la calidad de vida de la poblaci\u00f3n.<\/p>\n<p style=\"text-align: justify;\"><strong>Formar cultura &#8216;verde&#8217;<\/strong><\/p>\n<p style=\"text-align: justify;\">El Ministerio del Ambiente ha incorporado estos programas y proyectos de educaci\u00f3n con la intenci\u00f3n de formar una cultura ambiental comprometida, impartiendo buenas pr\u00e1cticas de conservaci\u00f3n y uso sostenible de los recursos naturales, procesos de interculturalidad y manejo de conflictos socioambientales.<\/p>\n","protected":false},"excerpt":{"rendered":"<p class=\"excerpt\">\u201cSalvaguardar el medio ambiente. . . Es un principio rector de todo nuestro trabajo en el apoyo del desarrollo sostenible; es un componente esencial en la erradicaci\u00f3n de la pobreza y uno de los cimientos de la paz.\u201d Kofi Annan Desde 1975, cada 26 de enero se conmemora el d\u00eda internacional de la Educaci\u00f3n Ambiental con el prop\u00f3sito de concienciar&hellip; <a href=\"https:\/\/www.ambienteyenergia.gob.ec\/ambiente\/la-educacion-ambiental-tema-que-involucra-a-todos\/\">Read more &rarr;<\/a><\/p>\n","protected":false},"author":13,"featured_media":8765,"comment_status":"open","ping_status":"open","sticky":false,"template":"","format":"standard","meta":{"footnotes":""},"categories":[16,4],"tags":[],"class_list":["post-8762","post","type-post","status-publish","format-standard","has-post-thumbnail","hentry","category-comunicamos","category-noticias","xfolkentry"],"_links":{"self":[{"href":"https:\/\/www.ambienteyenergia.gob.ec\/ambiente\/wp-json\/wp\/v2\/posts\/8762","targetHints":{"allow":["GET"]}}],"collection":[{"href":"https:\/\/www.ambienteyenergia.gob.ec\/ambiente\/wp-json\/wp\/v2\/posts"}],"about":[{"href":"https:\/\/www.ambienteyenergia.gob.ec\/ambiente\/wp-json\/wp\/v2\/types\/post"}],"author":[{"embeddable":true,"href":"https:\/\/www.ambienteyenergia.gob.ec\/ambiente\/wp-json\/wp\/v2\/users\/13"}],"replies":[{"embeddable":true,"href":"https:\/\/www.ambienteyenergia.gob.ec\/ambiente\/wp-json\/wp\/v2\/comments?post=8762"}],"version-history":[{"count":0,"href":"https:\/\/www.ambienteyenergia.gob.ec\/ambiente\/wp-json\/wp\/v2\/posts\/8762\/revisions"}],"wp:featuredmedia":[{"embeddable":true,"href":"https:\/\/www.ambienteyenergia.gob.ec\/ambiente\/wp-json\/wp\/v2\/media\/8765"}],"wp:attachment":[{"href":"https:\/\/www.ambienteyenergia.gob.ec\/ambiente\/wp-json\/wp\/v2\/media?parent=8762"}],"wp:term":[{"taxonomy":"category","embeddable":true,"href":"https:\/\/www.ambienteyenergia.gob.ec\/ambiente\/wp-json\/wp\/v2\/categories?post=8762"},{"taxonomy":"post_tag","embeddable":true,"href":"https:\/\/www.ambienteyenergia.gob.ec\/ambiente\/wp-json\/wp\/v2\/tags?post=8762"}],"curies":[{"name":"wp","href":"https:\/\/api.w.org\/{rel}","templated":true}]}}