{"id":8744,"date":"2013-01-15T22:52:14","date_gmt":"2013-01-16T03:52:14","guid":{"rendered":"http:\/\/www.ambiente.gob.ec\/?p=8744"},"modified":"2013-01-15T22:52:14","modified_gmt":"2013-01-16T03:52:14","slug":"mae-capturara-a-mono-capuccino-que-merodea-sector-de-suburbio-de-guayaquil","status":"publish","type":"post","link":"https:\/\/www.ambienteyenergia.gob.ec\/ambiente\/mae-capturara-a-mono-capuccino-que-merodea-sector-de-suburbio-de-guayaquil\/","title":{"rendered":"MAE capturar\u00e1 a mono capuccino que merodea sector de suburbio de Guayaquil"},"content":{"rendered":"<p style=\"text-align: justify;\">El Ministerio del Ambiente (MAE), a trav\u00e9s de la Direcci\u00f3n Provincial en Guayas planea la captura de un mono, de especie Capuchino, que se encuentra merodeando las casas de un sector del Suburbio de Guayaquil, seg\u00fan se constat\u00f3 hoy (martes) durante una inspecci\u00f3n efectuada la zona.<\/p>\n<p style=\"text-align: justify;\">Ignacio Cordero, Director Provincial del Ambiente de Guayas, explic\u00f3 que la captura no es f\u00e1cil ya que el mono est\u00e1 en lo alto de los \u00e1rboles o techos de las casas, es juguet\u00f3n y corre r\u00e1pido, por lo cual se est\u00e1 censando a los vecinos de la calle 16 entre las intersecciones E y F, y tambi\u00e9n la calle 12 entre Oriente y Sedalana (cuadras en las que fue visto).<\/p>\n<p style=\"text-align: justify;\">El objetivo es colocar comida con sedante recomendado por los veterinarios, en lugares estrat\u00e9gicos y as\u00ed lograr dormir al mono, coment\u00f3 Cordero, quien tambi\u00e9n aclar\u00f3 que solo esta acci\u00f3n facilitar\u00e1 el traslado del animal a un centro de rescate.<\/p>\n<p style=\"text-align: justify;\">Por sus caracter\u00edsticas naturales, esta especie es inquieta e inteligente, pudiendo diferenciar cuando pretenden enga\u00f1arlo, ello hace prever el uso de una trampa grande, que facilite su captura, en caso que no ingiera los alimentos con sedante.<\/p>\n<p style=\"text-align: justify;\">Al ser observado en una de las paredes del patio de Olga C\u00f3rdova, alguno de los vecinos instaron a los t\u00e9cnicos para que se lleven al mono, mientras que los ni\u00f1os y j\u00f3venes ped\u00edan que lo dejaran en el lugar.<\/p>\n<p style=\"text-align: justify;\">Do\u00f1a Olga, quien en su casa tiene plantas de guaba, mango, pechiche, cacao y otras, asegura que a diario el mono la visita para comerse los frutos de sus \u00e1rboles, dej\u00e1ndola sin ellos y siendo v\u00edctima de las heces y orina que arroja el animal.<\/p>\n<p style=\"text-align: justify;\">Esto llev\u00f3 a los t\u00e9cnicos a buscar una mirada panor\u00e1mica del lugar y encontrar que el com\u00fan denominador de los patios es poseer grandes \u00e1rboles frutales, que son atractivos para el mono ya que facilitan su alimentaci\u00f3n.<\/p>\n<p style=\"text-align: justify;\">Aunque es un animal de zonas tropicales, para Cordero esta especie lleg\u00f3 al sector introducido por un humano que pretend\u00eda tenerlo como mascota, por ello insta a la ciudadan\u00eda a denunciar la tenencia y el tr\u00e1fico de vida silvestre a los n\u00fameros 2320383 \u00f3 2320658 de la Direcci\u00f3n Provincial del Guayas, ubicada en Pichincha y 9 de Octubre, piso 9.<\/p>\n<p style=\"text-align: justify;\">Tambi\u00e9n pueden efectuar sus denuncias a trav\u00e9s de la p\u00e1gina web del Ministerio del Ambiente http:\/\/www.ambienteyenergia.gob.ec\/ambiente\/contacto\/ \u00f3 al n\u00famero nacional 1800-AMBIENTE (26243683).<\/p>\n<p style=\"text-align: justify;\">Se recuerda a la ciudadan\u00eda que las especies decomisadas a los tenedores o traficantes son llevadas a cuarentena en centros de rescate de especies, en donde se monitorea al animal, su estado de salud y si es factible o no insertarlo en su h\u00e1bitat natural.<\/p>\n","protected":false},"excerpt":{"rendered":"<p class=\"excerpt\">El Ministerio del Ambiente (MAE), a trav\u00e9s de la Direcci\u00f3n Provincial en Guayas planea la captura de un mono, de especie Capuchino, que se encuentra merodeando las casas de un sector del Suburbio de Guayaquil, seg\u00fan se constat\u00f3 hoy (martes) durante una inspecci\u00f3n efectuada la zona. Ignacio Cordero, Director Provincial del Ambiente de Guayas, explic\u00f3 que la captura no es&hellip; <a href=\"https:\/\/www.ambienteyenergia.gob.ec\/ambiente\/mae-capturara-a-mono-capuccino-que-merodea-sector-de-suburbio-de-guayaquil\/\">Read more &rarr;<\/a><\/p>\n","protected":false},"author":13,"featured_media":8745,"comment_status":"open","ping_status":"open","sticky":false,"template":"","format":"standard","meta":{"footnotes":""},"categories":[16,4],"tags":[],"class_list":["post-8744","post","type-post","status-publish","format-standard","has-post-thumbnail","hentry","category-comunicamos","category-noticias","xfolkentry"],"_links":{"self":[{"href":"https:\/\/www.ambienteyenergia.gob.ec\/ambiente\/wp-json\/wp\/v2\/posts\/8744","targetHints":{"allow":["GET"]}}],"collection":[{"href":"https:\/\/www.ambienteyenergia.gob.ec\/ambiente\/wp-json\/wp\/v2\/posts"}],"about":[{"href":"https:\/\/www.ambienteyenergia.gob.ec\/ambiente\/wp-json\/wp\/v2\/types\/post"}],"author":[{"embeddable":true,"href":"https:\/\/www.ambienteyenergia.gob.ec\/ambiente\/wp-json\/wp\/v2\/users\/13"}],"replies":[{"embeddable":true,"href":"https:\/\/www.ambienteyenergia.gob.ec\/ambiente\/wp-json\/wp\/v2\/comments?post=8744"}],"version-history":[{"count":0,"href":"https:\/\/www.ambienteyenergia.gob.ec\/ambiente\/wp-json\/wp\/v2\/posts\/8744\/revisions"}],"wp:featuredmedia":[{"embeddable":true,"href":"https:\/\/www.ambienteyenergia.gob.ec\/ambiente\/wp-json\/wp\/v2\/media\/8745"}],"wp:attachment":[{"href":"https:\/\/www.ambienteyenergia.gob.ec\/ambiente\/wp-json\/wp\/v2\/media?parent=8744"}],"wp:term":[{"taxonomy":"category","embeddable":true,"href":"https:\/\/www.ambienteyenergia.gob.ec\/ambiente\/wp-json\/wp\/v2\/categories?post=8744"},{"taxonomy":"post_tag","embeddable":true,"href":"https:\/\/www.ambienteyenergia.gob.ec\/ambiente\/wp-json\/wp\/v2\/tags?post=8744"}],"curies":[{"name":"wp","href":"https:\/\/api.w.org\/{rel}","templated":true}]}}