{"id":8736,"date":"2013-01-15T18:59:16","date_gmt":"2013-01-15T23:59:16","guid":{"rendered":"http:\/\/www.ambiente.gob.ec\/?p=8736"},"modified":"2013-01-16T12:21:29","modified_gmt":"2013-01-16T17:21:29","slug":"mae-participa-del-programa-de-incentivos-para-la-reforestacion-con-fines-comerciales","status":"publish","type":"post","link":"https:\/\/www.ambienteyenergia.gob.ec\/ambiente\/mae-participa-del-programa-de-incentivos-para-la-reforestacion-con-fines-comerciales\/","title":{"rendered":"MAE participa del Programa de Incentivos para la Reforestaci\u00f3n con Fines Comerciales"},"content":{"rendered":"<p style=\"text-align: justify;\">El Ministerio de Agricultura, Ganader\u00eda y Pesca (Magap), en coordinaci\u00f3n con el Ministerio del Ambiente (MAE), el Ministerio Coordinador de la Producci\u00f3n, Empleo y Competitividad (MCPEC) y Corporaci\u00f3n Financiera Nacional (CFN), present\u00f3 hoy (martes) el Programa de Incentivos para la Reforestaci\u00f3n con Fines Comerciales.<\/p>\n<p style=\"text-align: justify;\">El evento, que se llev\u00f3 a cabo en el hotel Hilton Col\u00f3n de Guayaquil, cont\u00f3 con presencia de la Ministra del Ambiente, Lorena Tapia; el Ministro del MAGAP, Javier Ponce; el Ministro del MCPEC, Santiago Leon; y el Presidente del CFN, Camilo Saman.<\/p>\n<p style=\"text-align: justify;\">El objetivo del programa es aprovechar las tierras libres que poseen agricultores, empresarios o comuneros para ser destinadas a la siembra de \u00e1rboles, a gran escala.<\/p>\n<p style=\"text-align: justify;\">De esta manera las Carteras de Estado aportan en el cambio de la matriz productiva del pa\u00eds y genera el desarrollo de nuevas industrias que le permitan al Ecuador producir localmente una serie de productos que actualmente se importan y alentar la exportaci\u00f3n de nuevos productos; en este sentido, el sector forestal es uno de los sectores escogidos por el Gobierno como prioritario.<\/p>\n<p style=\"text-align: justify;\">Como parte de este trabajo, se encuentra la emisi\u00f3n de un Acuerdo Interministerial MAE \u2013 MAGAP (octubre 2012) para la zonificaci\u00f3n de tierras forestales en el pa\u00eds. \u00c9sta adenda establece criterios de zonificaci\u00f3n y requerimientos bajos los cuales MAGAP podr\u00e1 establecer sus plantaciones productivas, salvaguardando las zonas de protecci\u00f3n.<\/p>\n<p style=\"text-align: justify;\">El modelo de gesti\u00f3n se distingue por la entrega a los beneficiarios del programa, de un incentivo financiero no reembolsable, de hasta el 100% del costo de instalaci\u00f3n y mantenimiento de la plantaci\u00f3n durante los cuatro primeros a\u00f1os. Esta inversi\u00f3n que hace el estado tiene como fin mejorar sustancialmente la rentabilidad de las plantaciones forestales.<\/p>\n<p style=\"text-align: justify;\">El incentivo ser\u00e1 entregado a los beneficiarios un a\u00f1o despu\u00e9s de la siembra, trasladando a los sectores beneficiados la gesti\u00f3n, implementaci\u00f3n y desarrollo de los proyectos forestales comerciales. Si el propietario de la tierra no tuviese el capital suficiente para iniciar el proyecto, la Corporaci\u00f3n Financiera Nacional (CFN) lo puede calificar para un cr\u00e9dito para la siembra.<\/p>\n<p style=\"text-align: justify;\">De esta manera los ministerios definir\u00e1n las zonas, especies a plantar y dem\u00e1s especificaciones t\u00e9cnicas del cultivo las cuales ser\u00e1n observadas al momento de realizar el reembolso de los incentivos.<\/p>\n<p style=\"text-align: justify;\">Este programa convierte al Ecuador en el pa\u00eds m\u00e1s atractivo en Am\u00e9rica Latina para el desarrollo de inversiones forestales.<\/p>\n","protected":false},"excerpt":{"rendered":"<p class=\"excerpt\">El Ministerio de Agricultura, Ganader\u00eda y Pesca (Magap), en coordinaci\u00f3n con el Ministerio del Ambiente (MAE), el Ministerio Coordinador de la Producci\u00f3n, Empleo y Competitividad (MCPEC) y Corporaci\u00f3n Financiera Nacional (CFN), present\u00f3 hoy (martes) el Programa de Incentivos para la Reforestaci\u00f3n con Fines Comerciales. El evento, que se llev\u00f3 a cabo en el hotel Hilton Col\u00f3n de Guayaquil, cont\u00f3 con&hellip; <a href=\"https:\/\/www.ambienteyenergia.gob.ec\/ambiente\/mae-participa-del-programa-de-incentivos-para-la-reforestacion-con-fines-comerciales\/\">Read more &rarr;<\/a><\/p>\n","protected":false},"author":13,"featured_media":8758,"comment_status":"open","ping_status":"open","sticky":false,"template":"","format":"standard","meta":{"footnotes":""},"categories":[16,4],"tags":[],"class_list":["post-8736","post","type-post","status-publish","format-standard","has-post-thumbnail","hentry","category-comunicamos","category-noticias","xfolkentry"],"_links":{"self":[{"href":"https:\/\/www.ambienteyenergia.gob.ec\/ambiente\/wp-json\/wp\/v2\/posts\/8736","targetHints":{"allow":["GET"]}}],"collection":[{"href":"https:\/\/www.ambienteyenergia.gob.ec\/ambiente\/wp-json\/wp\/v2\/posts"}],"about":[{"href":"https:\/\/www.ambienteyenergia.gob.ec\/ambiente\/wp-json\/wp\/v2\/types\/post"}],"author":[{"embeddable":true,"href":"https:\/\/www.ambienteyenergia.gob.ec\/ambiente\/wp-json\/wp\/v2\/users\/13"}],"replies":[{"embeddable":true,"href":"https:\/\/www.ambienteyenergia.gob.ec\/ambiente\/wp-json\/wp\/v2\/comments?post=8736"}],"version-history":[{"count":0,"href":"https:\/\/www.ambienteyenergia.gob.ec\/ambiente\/wp-json\/wp\/v2\/posts\/8736\/revisions"}],"wp:featuredmedia":[{"embeddable":true,"href":"https:\/\/www.ambienteyenergia.gob.ec\/ambiente\/wp-json\/wp\/v2\/media\/8758"}],"wp:attachment":[{"href":"https:\/\/www.ambienteyenergia.gob.ec\/ambiente\/wp-json\/wp\/v2\/media?parent=8736"}],"wp:term":[{"taxonomy":"category","embeddable":true,"href":"https:\/\/www.ambienteyenergia.gob.ec\/ambiente\/wp-json\/wp\/v2\/categories?post=8736"},{"taxonomy":"post_tag","embeddable":true,"href":"https:\/\/www.ambienteyenergia.gob.ec\/ambiente\/wp-json\/wp\/v2\/tags?post=8736"}],"curies":[{"name":"wp","href":"https:\/\/api.w.org\/{rel}","templated":true}]}}