{"id":8722,"date":"2013-01-18T12:50:51","date_gmt":"2013-01-18T17:50:51","guid":{"rendered":"http:\/\/www.ambiente.gob.ec\/?p=8722"},"modified":"2013-01-18T12:51:04","modified_gmt":"2013-01-18T17:51:04","slug":"parque-samanes-cuenta-con-su-propio-vivero","status":"publish","type":"post","link":"https:\/\/www.ambienteyenergia.gob.ec\/ambiente\/parque-samanes-cuenta-con-su-propio-vivero\/","title":{"rendered":"Parque Samanes cuenta con su propio vivero"},"content":{"rendered":"<p>El Ministerio de Ambiente, a trav\u00e9s de la Empresa P\u00fablica de Parques Naturales y Espacios P\u00fablicos (EPPNEP), ha establecido un vivero artesanal en el Parque Samanes.<\/p>\n<p style=\"text-align: justify;\">Aproximadamente un 95% de las especies de plantas cultivadas como ornamentales en parques, parterres y jardineras en la ciudad de Guayaquil, corresponden a especies introducidas, provenientes de otros pa\u00edses y continentes. Siendo Ecuador un pa\u00eds megadiverso y con una elevada riqueza flor\u00edstica, la EPPNEP ha emprendido la creaci\u00f3n de un vivero que rescate la flora regional y supla las necesidades de los parques que est\u00e1n bajo su administraci\u00f3n.<\/p>\n<p style=\"text-align: justify;\">Para ello, est\u00e1 desplegando un programa de colecci\u00f3n de semillas de especies de plantas nativas con fines de reproducci\u00f3n y uso ornamental, las mismas que servir\u00e1n para arborizar extensivamente Parque Samanes. Hasta la fecha, se han sembrado 8.000 semillas correspondientes a 30 especies nativas que est\u00e1n en proceso de germinaci\u00f3n y crecimiento.<\/p>\n<p style=\"text-align: justify;\">Paralelamente se ha trabajado en la arborizaci\u00f3n del sector de canchas, cuyas primeras obras se entregaron el 7 de enero del 2013, y en la segunda fase que estar\u00e1 abierta al p\u00fablico a finales de este mes.<\/p>\n<p style=\"text-align: justify;\">Adem\u00e1s de esto, el equipo t\u00e9cnico ambiental de la EPPNEP, mantiene un permanente monitoreo de los \u00e1rboles trasplantados a la zona de reserva forestal del parque y realiza un registro del desarrollo y la supervivencia de las plantas sembradas en el Bosque Protector Cerro Colorado, que forma parte de Parque Samanes, luego de las reforestaciones realizadas en el 2012.<\/p>\n<p style=\"text-align: justify;\">De esta manera, se cumple el compromiso de proporcionar a los habitantes de Guayaquil, \u00e1reas verdes que permita una mejor calidad de vida y convierte a Parque Samanes en uno de los pulmones m\u00e1s grandes de la ciudad.<\/p>\n<p style=\"text-align: justify;\"><strong>ESPECIES NATIVAS SEMBRADAS:<\/strong><\/p>\n<p style=\"text-align: justify;\">Guayac\u00e1n, Bejuco de uso, Tecoma, Moyuyo, Card\u00f3n, Sapote de Perro, Sebasti\u00e1n, Mangle jel\u00ed, Coquito, Guachapel\u00ed, Amarillo, Capuey, Seca, Guaba de bejuco, Guaba de machete, Cascol, B\u00e1lsamo, Sam\u00e1n, Cacao de monta\u00f1a, Algod\u00f3n de monte, Francisco, Palo de ajo, Fern\u00e1n S\u00e1nchez, \u00c9bano, Jaboncillo y Pechiche, entre otras.<\/p>\n<p style=\"text-align: justify;\"><strong>Video<\/strong>:<\/p>\n<p><iframe loading=\"lazy\" src=\"https:\/\/w.soundcloud.com\/player\/?url=http%3A%2F%2Fapi.soundcloud.com%2Ftracks%2F75215873\" frameborder=\"no\" scrolling=\"no\" width=\"100%\" height=\"166\"><\/iframe><\/p>\n<p><iframe loading=\"lazy\" src=\"https:\/\/w.soundcloud.com\/player\/?url=http%3A%2F%2Fapi.soundcloud.com%2Ftracks%2F75034216\" frameborder=\"no\" scrolling=\"no\" width=\"100%\" height=\"166\"><\/iframe><\/p>\n<p><iframe loading=\"lazy\" src=\"https:\/\/w.soundcloud.com\/player\/?url=http%3A%2F%2Fapi.soundcloud.com%2Ftracks%2F75304995\" frameborder=\"no\" scrolling=\"no\" width=\"100%\" height=\"166\"><\/iframe><\/p>\n<p style=\"text-align: justify;\"><strong>Las fotos<\/strong>:<\/p>\n<div id='gallery-1' class='gallery galleryid-8722 gallery-columns-3 gallery-size-thumbnail'><dl class='gallery-item'>\n\t\t\t<dt class='gallery-icon landscape'>\n\t\t\t\t<a href='https:\/\/www.ambienteyenergia.gob.ec\/ambiente\/parque-samanes-cuenta-con-su-propio-vivero\/cactus-candelabro\/'><img loading=\"lazy\" decoding=\"async\" width=\"150\" height=\"150\" src=\"https:\/\/www.ambienteyenergia.gob.ec\/ambiente\/wp-content\/uploads\/sites\/2\/2013\/01\/Cactus-candelabro-150x150.jpg\" class=\"attachment-thumbnail size-thumbnail\" alt=\"\" \/><\/a>\n\t\t\t<\/dt><\/dl><dl class='gallery-item'>\n\t\t\t<dt class='gallery-icon landscape'>\n\t\t\t\t<a href='https:\/\/www.ambienteyenergia.gob.ec\/ambiente\/parque-samanes-cuenta-con-su-propio-vivero\/img_3707\/'><img loading=\"lazy\" decoding=\"async\" width=\"150\" height=\"150\" src=\"https:\/\/www.ambienteyenergia.gob.ec\/ambiente\/wp-content\/uploads\/sites\/2\/2013\/01\/IMG_3707-150x150.jpg\" class=\"attachment-thumbnail size-thumbnail\" alt=\"\" \/><\/a>\n\t\t\t<\/dt><\/dl><dl class='gallery-item'>\n\t\t\t<dt class='gallery-icon landscape'>\n\t\t\t\t<a href='https:\/\/www.ambienteyenergia.gob.ec\/ambiente\/parque-samanes-cuenta-con-su-propio-vivero\/img_3713\/'><img loading=\"lazy\" decoding=\"async\" width=\"150\" height=\"150\" src=\"https:\/\/www.ambienteyenergia.gob.ec\/ambiente\/wp-content\/uploads\/sites\/2\/2013\/01\/IMG_3713-150x150.jpg\" class=\"attachment-thumbnail size-thumbnail\" alt=\"\" \/><\/a>\n\t\t\t<\/dt><\/dl><br style=\"clear: both\" \/><dl class='gallery-item'>\n\t\t\t<dt class='gallery-icon landscape'>\n\t\t\t\t<a href='https:\/\/www.ambienteyenergia.gob.ec\/ambiente\/parque-samanes-cuenta-con-su-propio-vivero\/img_3736\/'><img loading=\"lazy\" decoding=\"async\" width=\"150\" height=\"150\" src=\"https:\/\/www.ambienteyenergia.gob.ec\/ambiente\/wp-content\/uploads\/sites\/2\/2013\/01\/IMG_3736-150x150.jpg\" class=\"attachment-thumbnail size-thumbnail\" alt=\"\" \/><\/a>\n\t\t\t<\/dt><\/dl><dl class='gallery-item'>\n\t\t\t<dt class='gallery-icon landscape'>\n\t\t\t\t<a href='https:\/\/www.ambienteyenergia.gob.ec\/ambiente\/parque-samanes-cuenta-con-su-propio-vivero\/img_3739\/'><img loading=\"lazy\" decoding=\"async\" width=\"150\" height=\"150\" src=\"https:\/\/www.ambienteyenergia.gob.ec\/ambiente\/wp-content\/uploads\/sites\/2\/2013\/01\/IMG_3739-150x150.jpg\" class=\"attachment-thumbnail size-thumbnail\" alt=\"\" \/><\/a>\n\t\t\t<\/dt><\/dl><dl class='gallery-item'>\n\t\t\t<dt class='gallery-icon landscape'>\n\t\t\t\t<a href='https:\/\/www.ambienteyenergia.gob.ec\/ambiente\/parque-samanes-cuenta-con-su-propio-vivero\/pe\/'><img loading=\"lazy\" decoding=\"async\" width=\"150\" height=\"150\" src=\"https:\/\/www.ambienteyenergia.gob.ec\/ambiente\/wp-content\/uploads\/sites\/2\/2013\/01\/pe-150x150.jpg\" class=\"attachment-thumbnail size-thumbnail\" alt=\"\" \/><\/a>\n\t\t\t<\/dt><\/dl><br style=\"clear: both\" \/>\n\t\t<\/div>\n\n","protected":false},"excerpt":{"rendered":"<p class=\"excerpt\">El Ministerio de Ambiente, a trav\u00e9s de la Empresa P\u00fablica de Parques Naturales y Espacios P\u00fablicos (EPPNEP), ha establecido un vivero artesanal en el Parque Samanes. Aproximadamente un 95% de las especies de plantas cultivadas como ornamentales en parques, parterres y jardineras en la ciudad de Guayaquil, corresponden a especies introducidas, provenientes de otros pa\u00edses y continentes. Siendo Ecuador un&hellip; <a href=\"https:\/\/www.ambienteyenergia.gob.ec\/ambiente\/parque-samanes-cuenta-con-su-propio-vivero\/\">Read more &rarr;<\/a><\/p>\n","protected":false},"author":13,"featured_media":8730,"comment_status":"open","ping_status":"open","sticky":false,"template":"","format":"standard","meta":{"footnotes":""},"categories":[16,4],"tags":[],"class_list":["post-8722","post","type-post","status-publish","format-standard","has-post-thumbnail","hentry","category-comunicamos","category-noticias","xfolkentry"],"_links":{"self":[{"href":"https:\/\/www.ambienteyenergia.gob.ec\/ambiente\/wp-json\/wp\/v2\/posts\/8722","targetHints":{"allow":["GET"]}}],"collection":[{"href":"https:\/\/www.ambienteyenergia.gob.ec\/ambiente\/wp-json\/wp\/v2\/posts"}],"about":[{"href":"https:\/\/www.ambienteyenergia.gob.ec\/ambiente\/wp-json\/wp\/v2\/types\/post"}],"author":[{"embeddable":true,"href":"https:\/\/www.ambienteyenergia.gob.ec\/ambiente\/wp-json\/wp\/v2\/users\/13"}],"replies":[{"embeddable":true,"href":"https:\/\/www.ambienteyenergia.gob.ec\/ambiente\/wp-json\/wp\/v2\/comments?post=8722"}],"version-history":[{"count":0,"href":"https:\/\/www.ambienteyenergia.gob.ec\/ambiente\/wp-json\/wp\/v2\/posts\/8722\/revisions"}],"wp:featuredmedia":[{"embeddable":true,"href":"https:\/\/www.ambienteyenergia.gob.ec\/ambiente\/wp-json\/wp\/v2\/media\/8730"}],"wp:attachment":[{"href":"https:\/\/www.ambienteyenergia.gob.ec\/ambiente\/wp-json\/wp\/v2\/media?parent=8722"}],"wp:term":[{"taxonomy":"category","embeddable":true,"href":"https:\/\/www.ambienteyenergia.gob.ec\/ambiente\/wp-json\/wp\/v2\/categories?post=8722"},{"taxonomy":"post_tag","embeddable":true,"href":"https:\/\/www.ambienteyenergia.gob.ec\/ambiente\/wp-json\/wp\/v2\/tags?post=8722"}],"curies":[{"name":"wp","href":"https:\/\/api.w.org\/{rel}","templated":true}]}}