{"id":8714,"date":"2013-01-15T08:22:34","date_gmt":"2013-01-15T13:22:34","guid":{"rendered":"http:\/\/www.ambiente.gob.ec\/?p=8714"},"modified":"2013-01-23T11:52:59","modified_gmt":"2013-01-23T16:52:59","slug":"parque-samanes-recibio-cientos-de-visitantes-en-su-primera-semana-de-apertura","status":"publish","type":"post","link":"https:\/\/www.ambienteyenergia.gob.ec\/ambiente\/parque-samanes-recibio-cientos-de-visitantes-en-su-primera-semana-de-apertura\/","title":{"rendered":"Parque Samanes recibi\u00f3 cientos de visitantes en su primera semana de apertura"},"content":{"rendered":"<p style=\"text-align: justify;\"><a href=\"http:\/\/www.ambienteyenergia.gob.ec\/ambiente\/wp-content\/uploads\/downloads\/2013\/01\/REGLAMENTO-DE-UTILIZACI\u00d3N-DE-INSTALACIONES-DEPORTIVAS-PARQUE-LOS-SAMANES-PDF.pdf\" target=\"_blank\">Descarga el Reglamento Oficial de uso de canchas en Parque Samanes<\/a><\/p>\n<p style=\"text-align: justify;\">Desde el pasado lunes 7 de enero, cientos de visitantes se han dado cita para conocer y hacer uso de la zona de canchas de Parque Samanes, considerado el nuevo espacio deportivo y de sano entretenimiento con el que cuenta la ciudad de Guayaquil.<\/p>\n<p style=\"text-align: justify;\">En su primera semana de apertura aproximadamente 500 personas, entre ni\u00f1os, j\u00f3venes y familias enteras, se acercaron a las instalaciones ubicadas en la Av. Francisco de Orellana para pasar un momento de integraci\u00f3n y diversi\u00f3n en las diferentes canchas que tiene disponible el parque: b\u00e1squet, f\u00fatbol, tenis y handball.<\/p>\n<p style=\"text-align: justify;\">La Ministra del Ambiente, Lorena Tapia, en un recorrido realizado en la ma\u00f1ana de hoy, se mostr\u00f3 complacida por la excelente acogida de la ciudadan\u00eda para visitar Parque Samanes e inst\u00f3 a todos los guayaquile\u00f1os y ecuatorianos a cuidar de este lugar que es un espacio que genera Buen Vivir para todos.<\/p>\n<p style=\"text-align: justify;\">Es por eso que para garantizar el mantenimiento y buen uso de estas \u00e1reas deportivas habilitadas, se han establecido las normas y horarios de uso que son anunciados al ingreso de los visitantes al parque, tales como: guardar el orden dentro de las canchas; prohibido el consumo de bebidas alcoh\u00f3licas y\/o sustancias psicotr\u00f3picas; prohibido fumar, entre otras.<\/p>\n<p style=\"text-align: justify;\">Ciudadanos como Kevin Vera, de 23 a\u00f1os manifestaron lo siguiente: \u201cMe parece fabuloso el parque. El Gobierno Nacional ha hecho una gran obra\u2026un bonito parque que est\u00e1 al servicio de la comunidad\u201d.<\/p>\n<p style=\"text-align: justify;\">\u201cEs importante que la obra ya est\u00e9 inaugurada por tramos para que as\u00ed la gente tenga oportunidad de hacer deporte aqu\u00ed y ya no lo haga por ejemplo en la calle o en avenidas que causan un poquito de peligro\u201d mencion\u00f3 Antonio Piguave.<\/p>\n<p style=\"text-align: justify;\">V\u00edctor Mart\u00ednez, visit\u00f3 el lugar en compa\u00f1\u00eda de sus tres hijos e indic\u00f3 \u201cEstamos muy felices de venir a visitar Parque Samanes, es un lugar muy hermoso, m\u00e1s que todo natural y nuestro\u201d.<\/p>\n<p style=\"text-align: justify;\">Sandra Dom\u00ednguez, moradora del sector, se mostr\u00f3 muy satisfecha con la obra entregada por el Ministerio del Ambiente a trav\u00e9s de la Empresa P\u00fablica de Parques Naturales y Espacios P\u00fablicos EP. \u201cLo importante es que va a haber variedad y sobre todo para ni\u00f1os de toda edad y es bueno para que se relajen, me gustar\u00eda seguir visit\u00e1ndolo\u201d, indic\u00f3 Dom\u00ednguez.<\/p>\n<p style=\"text-align: justify;\">Quienes deseen hacer uso de las canchas pueden reservarlas de manera gratuita y presentando su c\u00e9dula de identidad. Dentro del parque, existir\u00e1 seguridad privada las 24 horas del d\u00eda.<\/p>\n<p style=\"text-align: justify;\">Extendemos nuevamente la invitaci\u00f3n a todos los ciudadanos para que visiten Parque Samanes de lunes domingo desde las 07:00 hasta las 17:00 para que disfruten de un lugar seguro que permitir\u00e1 el encuentro social a trav\u00e9s de deporte y el contacto con la naturaleza.<\/p>\n<p><strong>Testimonio:<\/strong><\/p>\n<p><iframe loading=\"lazy\" src=\"https:\/\/w.soundcloud.com\/player\/?url=http%3A%2F%2Fapi.soundcloud.com%2Ftracks%2F75304995\" frameborder=\"no\" scrolling=\"no\" width=\"100%\" height=\"166\"><\/iframe><\/p>\n<p><iframe loading=\"lazy\" src=\"https:\/\/w.soundcloud.com\/player\/?url=http%3A%2F%2Fapi.soundcloud.com%2Ftracks%2F75304555\" frameborder=\"no\" scrolling=\"no\" width=\"100%\" height=\"166\"><\/iframe><\/p>\n<p><iframe loading=\"lazy\" src=\"https:\/\/w.soundcloud.com\/player\/?url=http%3A%2F%2Fapi.soundcloud.com%2Ftracks%2F75215873\" frameborder=\"no\" scrolling=\"no\" width=\"100%\" height=\"166\"><\/iframe><\/p>\n<p><strong>Audio:<\/strong><\/p>\n<p><a href=\"https:\/\/soundcloud.com\/ambienteec\/parque-samanes\" target=\"_blank\">&#8211; Intervenci\u00f3n de Lorena Tapia<\/a><\/p>\n<p><strong>Fotos:<\/strong><\/p>\n<p><a href=\"http:\/\/www.flickr.com\/photos\/ministerioambienteecuador\/8337288337\/in\/photostream\" target=\"_blank\">&#8211; Una galer\u00eda del sector de canchas en Samanes<\/a><\/p>\n<p><strong>Noticias:<\/strong><\/p>\n<p><a href=\"http:\/\/www.ambienteyenergia.gob.ec\/ambiente\/parque-samanes-cuenta-con-su-propio-vivero\/\" target=\"_blank\">&#8211; Parque Samanes cuenta con su propio vivero<\/a><\/p>\n<p><a href=\"http:\/\/www.ambienteyenergia.gob.ec\/ambiente\/guayaquilenos-ya-disfrutan-de-zona-de-canchas-en-parque-samanes\/\" target=\"_blank\">&#8211; Guayaquile\u00f1os ya disfrutan de zona de canchas en Parque Samanes<\/a><\/p>\n<p><a href=\"http:\/\/www.ambienteyenergia.gob.ec\/ambiente\/parque-samanes-al-servicio-de-la-comunidad\/\" target=\"_blank\">&#8211; Parque Samanes, al servicio de la comunidad<\/a><\/p>\n<p><strong>Video<\/strong>:<\/p>\n<p><a href=\"https:\/\/www.youtube.com\/watch?v=BIVDMlM3OC8\" target=\"_blank\">&#8211; Maqueta virtual sector de canchas Parque Samanes (Guayaquil) <\/a><\/p>\n<p><a href=\"https:\/\/www.youtube.com\/watch?v=GxbnI65rpkg\" target=\"_blank\">&#8211; Maqueta virtual Parque Samanes (Guayaquil) <\/a><\/p>\n<p><a href=\"https:\/\/www.youtube.com\/watch?v=MtBFu5mERWw\" target=\"_blank\">&#8211; Ministra Tapia recorri\u00f3 obras \u2018verdes\u2019 que ejecuta la Empresa P\u00fablica de Parques <\/a><\/p>\n<p style=\"text-align: justify;\">\n","protected":false},"excerpt":{"rendered":"<p class=\"excerpt\">Descarga el Reglamento Oficial de uso de canchas en Parque Samanes Desde el pasado lunes 7 de enero, cientos de visitantes se han dado cita para conocer y hacer uso de la zona de canchas de Parque Samanes, considerado el nuevo espacio deportivo y de sano entretenimiento con el que cuenta la ciudad de Guayaquil. En su primera semana de&hellip; <a href=\"https:\/\/www.ambienteyenergia.gob.ec\/ambiente\/parque-samanes-recibio-cientos-de-visitantes-en-su-primera-semana-de-apertura\/\">Read more &rarr;<\/a><\/p>\n","protected":false},"author":13,"featured_media":8720,"comment_status":"open","ping_status":"open","sticky":false,"template":"","format":"standard","meta":{"footnotes":""},"categories":[16,4],"tags":[],"class_list":["post-8714","post","type-post","status-publish","format-standard","has-post-thumbnail","hentry","category-comunicamos","category-noticias","xfolkentry"],"_links":{"self":[{"href":"https:\/\/www.ambienteyenergia.gob.ec\/ambiente\/wp-json\/wp\/v2\/posts\/8714","targetHints":{"allow":["GET"]}}],"collection":[{"href":"https:\/\/www.ambienteyenergia.gob.ec\/ambiente\/wp-json\/wp\/v2\/posts"}],"about":[{"href":"https:\/\/www.ambienteyenergia.gob.ec\/ambiente\/wp-json\/wp\/v2\/types\/post"}],"author":[{"embeddable":true,"href":"https:\/\/www.ambienteyenergia.gob.ec\/ambiente\/wp-json\/wp\/v2\/users\/13"}],"replies":[{"embeddable":true,"href":"https:\/\/www.ambienteyenergia.gob.ec\/ambiente\/wp-json\/wp\/v2\/comments?post=8714"}],"version-history":[{"count":0,"href":"https:\/\/www.ambienteyenergia.gob.ec\/ambiente\/wp-json\/wp\/v2\/posts\/8714\/revisions"}],"wp:featuredmedia":[{"embeddable":true,"href":"https:\/\/www.ambienteyenergia.gob.ec\/ambiente\/wp-json\/wp\/v2\/media\/8720"}],"wp:attachment":[{"href":"https:\/\/www.ambienteyenergia.gob.ec\/ambiente\/wp-json\/wp\/v2\/media?parent=8714"}],"wp:term":[{"taxonomy":"category","embeddable":true,"href":"https:\/\/www.ambienteyenergia.gob.ec\/ambiente\/wp-json\/wp\/v2\/categories?post=8714"},{"taxonomy":"post_tag","embeddable":true,"href":"https:\/\/www.ambienteyenergia.gob.ec\/ambiente\/wp-json\/wp\/v2\/tags?post=8714"}],"curies":[{"name":"wp","href":"https:\/\/api.w.org\/{rel}","templated":true}]}}