{"id":8696,"date":"2013-01-15T15:51:59","date_gmt":"2013-01-15T20:51:59","guid":{"rendered":"http:\/\/www.ambiente.gob.ec\/?p=8696"},"modified":"2013-01-15T15:52:56","modified_gmt":"2013-01-15T20:52:56","slug":"mae-clausuro-ano-lectivo-del-club-ecologico-los-parqueritos","status":"publish","type":"post","link":"https:\/\/www.ambienteyenergia.gob.ec\/ambiente\/mae-clausuro-ano-lectivo-del-club-ecologico-los-parqueritos\/","title":{"rendered":"MAE clausur\u00f3 a\u00f1o lectivo del Club Ecol\u00f3gico Los Parqueritos"},"content":{"rendered":"<p style=\"text-align: justify;\"><em>La actividad se la desarroll\u00f3 en la escuela Julio Puebla, en el recinto El Cascajo.<\/em><\/p>\n<p style=\"text-align: justify;\">Desfile de moda ecol\u00f3gica, paseo, dramatizaci\u00f3n y reconocimientos fueron parte de la clausura del a\u00f1o lectivo 2012 \u2013 2013 del Club Ecol\u00f3gico Los Parqueritos, de la Direcci\u00f3n del Parque Nacional Gal\u00e1pagos, en la isla Santa Cruz. Un total de 42 ni\u00f1os y adolescentes fueron parte del programa que lleva siete a\u00f1os.<\/p>\n<p style=\"text-align: justify;\">Quince ni\u00f1as modelaron para sus compa\u00f1eros y padres de familia los trajes que junto a sus madres elaboraron con materiales reciclables: papel, gu\u00edas telef\u00f3nicas, cart\u00f3n, discos compactos, sacos de cemento, fundas y otros.<\/p>\n<p style=\"text-align: justify;\">Los vestidos, faldas, chalecos, sombreros, zapatillas y accesorios fueron calificados por el jurado que premi\u00f3 a Melissa Moreira Garc\u00eda, Paula Sanmart\u00edn Costa, Abigail Chapaca, Mayerly Bal\u00f3n y Judith Calder\u00f3n.<\/p>\n<p style=\"text-align: justify;\">La actividad realizada en la cancha del Centro Educativo Julio Puebla Castellanos, del recinto El Cascajo, permiti\u00f3 a los padres repasar fotogr\u00e1ficamente las actividades realizadas por sus hijos entre mayo del a\u00f1o pasado y el mes en curso.<\/p>\n<p style=\"text-align: justify;\">Los ni\u00f1os de las escuelas Oswaldo Guayasam\u00edn, Galo Plaza, San Francisco y el colegio Gal\u00e1pagos forman parte del Club Ecol\u00f3gico, que durante el a\u00f1o lectivo foment\u00f3 en los menores buenas pr\u00e1cticas ambientales a trav\u00e9s de actividades como clasificaci\u00f3n de residuos, ahorro de energ\u00eda, limpieza de bebederos de las gal\u00e1pagos y reforestaci\u00f3n en el vivero de la DPNG.<\/p>\n<p style=\"text-align: justify;\">Al t\u00e9rmino de la jornada la DPNG entreg\u00f3 reconocimientos a los ni\u00f1os que participaron en el Club Ecol\u00f3gico que re\u00fane a ni\u00f1os desde los seis a\u00f1os. La actividad termin\u00f3 con una caminata de integraci\u00f3n en el sector.<\/p>\n<p style=\"text-align: justify;\"><strong>La foto<\/strong>:<\/p>\n<p style=\"text-align: justify;\"><a href=\"http:\/\/www.ambienteyenergia.gob.ec\/ambiente\/wp-content\/uploads\/2013\/01\/image007.jpg\"><img loading=\"lazy\" decoding=\"async\" class=\"aligncenter size-full wp-image-8697\" title=\"\" src=\"http:\/\/www.ambienteyenergia.gob.ec\/ambiente\/wp-content\/uploads\/2013\/01\/image007.jpg\" alt=\"\" width=\"599\" height=\"287\" srcset=\"https:\/\/www.ambienteyenergia.gob.ec\/ambiente\/wp-content\/uploads\/sites\/2\/2013\/01\/image007.jpg 599w, https:\/\/www.ambienteyenergia.gob.ec\/ambiente\/wp-content\/uploads\/sites\/2\/2013\/01\/image007-300x143.jpg 300w, https:\/\/www.ambienteyenergia.gob.ec\/ambiente\/wp-content\/uploads\/sites\/2\/2013\/01\/image007-500x239.jpg 500w\" sizes=\"auto, (max-width: 599px) 100vw, 599px\" \/><\/a><\/p>\n","protected":false},"excerpt":{"rendered":"<p class=\"excerpt\">La actividad se la desarroll\u00f3 en la escuela Julio Puebla, en el recinto El Cascajo. Desfile de moda ecol\u00f3gica, paseo, dramatizaci\u00f3n y reconocimientos fueron parte de la clausura del a\u00f1o lectivo 2012 \u2013 2013 del Club Ecol\u00f3gico Los Parqueritos, de la Direcci\u00f3n del Parque Nacional Gal\u00e1pagos, en la isla Santa Cruz. Un total de 42 ni\u00f1os y adolescentes fueron parte&hellip; <a href=\"https:\/\/www.ambienteyenergia.gob.ec\/ambiente\/mae-clausuro-ano-lectivo-del-club-ecologico-los-parqueritos\/\">Read more &rarr;<\/a><\/p>\n","protected":false},"author":13,"featured_media":8699,"comment_status":"open","ping_status":"open","sticky":false,"template":"","format":"standard","meta":{"footnotes":""},"categories":[16,4],"tags":[],"class_list":["post-8696","post","type-post","status-publish","format-standard","has-post-thumbnail","hentry","category-comunicamos","category-noticias","xfolkentry"],"_links":{"self":[{"href":"https:\/\/www.ambienteyenergia.gob.ec\/ambiente\/wp-json\/wp\/v2\/posts\/8696","targetHints":{"allow":["GET"]}}],"collection":[{"href":"https:\/\/www.ambienteyenergia.gob.ec\/ambiente\/wp-json\/wp\/v2\/posts"}],"about":[{"href":"https:\/\/www.ambienteyenergia.gob.ec\/ambiente\/wp-json\/wp\/v2\/types\/post"}],"author":[{"embeddable":true,"href":"https:\/\/www.ambienteyenergia.gob.ec\/ambiente\/wp-json\/wp\/v2\/users\/13"}],"replies":[{"embeddable":true,"href":"https:\/\/www.ambienteyenergia.gob.ec\/ambiente\/wp-json\/wp\/v2\/comments?post=8696"}],"version-history":[{"count":0,"href":"https:\/\/www.ambienteyenergia.gob.ec\/ambiente\/wp-json\/wp\/v2\/posts\/8696\/revisions"}],"wp:featuredmedia":[{"embeddable":true,"href":"https:\/\/www.ambienteyenergia.gob.ec\/ambiente\/wp-json\/wp\/v2\/media\/8699"}],"wp:attachment":[{"href":"https:\/\/www.ambienteyenergia.gob.ec\/ambiente\/wp-json\/wp\/v2\/media?parent=8696"}],"wp:term":[{"taxonomy":"category","embeddable":true,"href":"https:\/\/www.ambienteyenergia.gob.ec\/ambiente\/wp-json\/wp\/v2\/categories?post=8696"},{"taxonomy":"post_tag","embeddable":true,"href":"https:\/\/www.ambienteyenergia.gob.ec\/ambiente\/wp-json\/wp\/v2\/tags?post=8696"}],"curies":[{"name":"wp","href":"https:\/\/api.w.org\/{rel}","templated":true}]}}