{"id":8684,"date":"2013-01-15T15:32:09","date_gmt":"2013-01-15T20:32:09","guid":{"rendered":"http:\/\/www.ambiente.gob.ec\/?p=8684"},"modified":"2013-01-17T08:02:43","modified_gmt":"2013-01-17T13:02:43","slug":"cocodrilo-fue-decomisado-en-centro-turistico-rey-park","status":"publish","type":"post","link":"https:\/\/www.ambienteyenergia.gob.ec\/ambiente\/cocodrilo-fue-decomisado-en-centro-turistico-rey-park\/","title":{"rendered":"Cocodrilo fue decomisado en Centro Tur\u00edstico Rey Park (Guayaquil)"},"content":{"rendered":"<p style=\"text-align: justify;\">Un operativo entre el Ministerio del Ambiente (MAE), a trav\u00e9s de su Direcci\u00f3n Provincial en Guayas y la Fiscal\u00eda de Yaguachi, permiti\u00f3 el s\u00e1bado 12 de enero el decomiso de un cocodrilo que se manten\u00eda de forma ilegal en una peque\u00f1a estructura del Centro Tur\u00edstico Rey Park, ubicado en la localidad de Tres Postes (Yaguachi).<\/p>\n<p style=\"text-align: justify;\">Personal t\u00e9cnico del MAE, veterinarios del Parque Hist\u00f3rico de Guayaquil, el fiscal Patricio Ter\u00e1n y elementos de la polic\u00eda se dieron cita en las inmediaciones de Yaguachi y se dirigieron al centro tur\u00edstico para proceder con el decomiso.<\/p>\n<p style=\"text-align: justify;\">Ignacio Cordero, titular de la DP Guayas, dijo que previamente se intent\u00f3 dialogar con los propietarios del lugar para que procedan con la devoluci\u00f3n voluntaria del cocodrilo, explic\u00e1ndoles que es una especie protegida de vida silvestre y debe permanecer en su h\u00e1bitat natural.<\/p>\n<p style=\"text-align: justify;\">Tr\u00e1s examinar y debatir el asunto, no se logr\u00f3 alcanzar ning\u00fan acuerdo. Martha Pe\u00f1a y Manuel Travez se resistieron a entregar el cocodrilo por lo cual se inici\u00f3 un proceso legal que culmin\u00f3 con el retiro del animal.<\/p>\n<p style=\"text-align: justify;\">Con la documentaci\u00f3n respectiva de allanamiento a los propietarios de Rey Park, los funcionarios del MAE prepararon a la especie para su traslado con todas las medidas de seguridad.<\/p>\n<p style=\"text-align: justify;\">Durante la actividad, Pablo Travez Pe\u00f1a, hijo de los due\u00f1os de Rey Park, argumentaba que \u00b4Chiquita\u00b4 (como llamaron al cocodrilo), tuvo un buen trato y fue cuidada con todas las seguridades.<\/p>\n<p style=\"text-align: justify;\">Ante estos comentarios, el Fiscal Ter\u00e1n asegur\u00f3 que seguir\u00eda el proceso por tenencia ilegal de especies silvestres y sus respectivas investigaciones. \u201cNo es la primera vez que se incautan ejemplares protegidos\u201d, dijo.<\/p>\n<p style=\"text-align: justify;\">El cocodrilo fue trasladado a un centro de rescate particular, en donde el veterinario Julio Baquerizo tom\u00f3 muestras de sangre para realizar un an\u00e1lisis completo del estado de salud del animal.<\/p>\n<p style=\"text-align: justify;\">Baquerizo corrobor\u00f3 que el cocodrilo es un macho de aproximadamente 3,60 metros de largo y que puede tener aproximadamente entre 40 o 50 a\u00f1os de edad, estos datos deben ser confirmados con exactitud despu\u00e9s de un monitoreo completo.<\/p>\n<p style=\"text-align: justify;\">Su nuevo hogar es una laguna natural cercada de aproximadamente 150 metros cuadrados, donde el cocodrilo permanecer\u00e1 con una dieta balanceada y chequeos m\u00e9dicos continuos.<\/p>\n<p style=\"text-align: justify;\"><strong>Fotos:<\/strong><\/p>\n<div id='gallery-1' class='gallery galleryid-8684 gallery-columns-3 gallery-size-thumbnail'><dl class='gallery-item'>\n\t\t\t<dt class='gallery-icon landscape'>\n\t\t\t\t<a href='https:\/\/www.ambienteyenergia.gob.ec\/ambiente\/cocodrilo-fue-decomisado-en-centro-turistico-rey-park\/1-19\/'><img loading=\"lazy\" decoding=\"async\" width=\"150\" height=\"150\" src=\"https:\/\/www.ambienteyenergia.gob.ec\/ambiente\/wp-content\/uploads\/sites\/2\/2013\/01\/16-150x150.jpg\" class=\"attachment-thumbnail size-thumbnail\" alt=\"\" \/><\/a>\n\t\t\t<\/dt><\/dl><dl class='gallery-item'>\n\t\t\t<dt class='gallery-icon landscape'>\n\t\t\t\t<a href='https:\/\/www.ambienteyenergia.gob.ec\/ambiente\/cocodrilo-fue-decomisado-en-centro-turistico-rey-park\/2-11\/'><img loading=\"lazy\" decoding=\"async\" width=\"150\" height=\"150\" src=\"https:\/\/www.ambienteyenergia.gob.ec\/ambiente\/wp-content\/uploads\/sites\/2\/2013\/01\/23-150x150.jpg\" class=\"attachment-thumbnail size-thumbnail\" alt=\"\" \/><\/a>\n\t\t\t<\/dt><\/dl><dl class='gallery-item'>\n\t\t\t<dt class='gallery-icon landscape'>\n\t\t\t\t<a href='https:\/\/www.ambienteyenergia.gob.ec\/ambiente\/cocodrilo-fue-decomisado-en-centro-turistico-rey-park\/3-6\/'><img loading=\"lazy\" decoding=\"async\" width=\"150\" height=\"150\" src=\"https:\/\/www.ambienteyenergia.gob.ec\/ambiente\/wp-content\/uploads\/sites\/2\/2013\/01\/33-150x150.jpg\" class=\"attachment-thumbnail size-thumbnail\" alt=\"\" \/><\/a>\n\t\t\t<\/dt><\/dl><br style=\"clear: both\" \/><dl class='gallery-item'>\n\t\t\t<dt class='gallery-icon landscape'>\n\t\t\t\t<a href='https:\/\/www.ambienteyenergia.gob.ec\/ambiente\/cocodrilo-fue-decomisado-en-centro-turistico-rey-park\/4-6\/'><img loading=\"lazy\" decoding=\"async\" width=\"150\" height=\"150\" src=\"https:\/\/www.ambienteyenergia.gob.ec\/ambiente\/wp-content\/uploads\/sites\/2\/2013\/01\/43-150x150.jpg\" class=\"attachment-thumbnail size-thumbnail\" alt=\"\" \/><\/a>\n\t\t\t<\/dt><\/dl><dl class='gallery-item'>\n\t\t\t<dt class='gallery-icon landscape'>\n\t\t\t\t<a href='https:\/\/www.ambienteyenergia.gob.ec\/ambiente\/cocodrilo-fue-decomisado-en-centro-turistico-rey-park\/5-5\/'><img loading=\"lazy\" decoding=\"async\" width=\"150\" height=\"150\" src=\"https:\/\/www.ambienteyenergia.gob.ec\/ambiente\/wp-content\/uploads\/sites\/2\/2013\/01\/53-150x150.jpg\" class=\"attachment-thumbnail size-thumbnail\" alt=\"\" \/><\/a>\n\t\t\t<\/dt><\/dl><dl class='gallery-item'>\n\t\t\t<dt class='gallery-icon landscape'>\n\t\t\t\t<a href='https:\/\/www.ambienteyenergia.gob.ec\/ambiente\/cocodrilo-fue-decomisado-en-centro-turistico-rey-park\/6-4\/'><img loading=\"lazy\" decoding=\"async\" width=\"150\" height=\"150\" src=\"https:\/\/www.ambienteyenergia.gob.ec\/ambiente\/wp-content\/uploads\/sites\/2\/2013\/01\/63-150x150.jpg\" class=\"attachment-thumbnail size-thumbnail\" alt=\"\" \/><\/a>\n\t\t\t<\/dt><\/dl><br style=\"clear: both\" \/>\n\t\t<\/div>\n\n","protected":false},"excerpt":{"rendered":"<p class=\"excerpt\">Un operativo entre el Ministerio del Ambiente (MAE), a trav\u00e9s de su Direcci\u00f3n Provincial en Guayas y la Fiscal\u00eda de Yaguachi, permiti\u00f3 el s\u00e1bado 12 de enero el decomiso de un cocodrilo que se manten\u00eda de forma ilegal en una peque\u00f1a estructura del Centro Tur\u00edstico Rey Park, ubicado en la localidad de Tres Postes (Yaguachi). Personal t\u00e9cnico del MAE, veterinarios&hellip; <a href=\"https:\/\/www.ambienteyenergia.gob.ec\/ambiente\/cocodrilo-fue-decomisado-en-centro-turistico-rey-park\/\">Read more &rarr;<\/a><\/p>\n","protected":false},"author":13,"featured_media":8689,"comment_status":"open","ping_status":"open","sticky":false,"template":"","format":"standard","meta":{"footnotes":""},"categories":[16,4],"tags":[],"class_list":["post-8684","post","type-post","status-publish","format-standard","has-post-thumbnail","hentry","category-comunicamos","category-noticias","xfolkentry"],"_links":{"self":[{"href":"https:\/\/www.ambienteyenergia.gob.ec\/ambiente\/wp-json\/wp\/v2\/posts\/8684","targetHints":{"allow":["GET"]}}],"collection":[{"href":"https:\/\/www.ambienteyenergia.gob.ec\/ambiente\/wp-json\/wp\/v2\/posts"}],"about":[{"href":"https:\/\/www.ambienteyenergia.gob.ec\/ambiente\/wp-json\/wp\/v2\/types\/post"}],"author":[{"embeddable":true,"href":"https:\/\/www.ambienteyenergia.gob.ec\/ambiente\/wp-json\/wp\/v2\/users\/13"}],"replies":[{"embeddable":true,"href":"https:\/\/www.ambienteyenergia.gob.ec\/ambiente\/wp-json\/wp\/v2\/comments?post=8684"}],"version-history":[{"count":0,"href":"https:\/\/www.ambienteyenergia.gob.ec\/ambiente\/wp-json\/wp\/v2\/posts\/8684\/revisions"}],"wp:featuredmedia":[{"embeddable":true,"href":"https:\/\/www.ambienteyenergia.gob.ec\/ambiente\/wp-json\/wp\/v2\/media\/8689"}],"wp:attachment":[{"href":"https:\/\/www.ambienteyenergia.gob.ec\/ambiente\/wp-json\/wp\/v2\/media?parent=8684"}],"wp:term":[{"taxonomy":"category","embeddable":true,"href":"https:\/\/www.ambienteyenergia.gob.ec\/ambiente\/wp-json\/wp\/v2\/categories?post=8684"},{"taxonomy":"post_tag","embeddable":true,"href":"https:\/\/www.ambienteyenergia.gob.ec\/ambiente\/wp-json\/wp\/v2\/tags?post=8684"}],"curies":[{"name":"wp","href":"https:\/\/api.w.org\/{rel}","templated":true}]}}