{"id":8678,"date":"2013-01-15T13:59:31","date_gmt":"2013-01-15T18:59:31","guid":{"rendered":"http:\/\/www.ambiente.gob.ec\/?p=8678"},"modified":"2013-01-16T12:11:30","modified_gmt":"2013-01-16T17:11:30","slug":"mae-y-msp-inauguran-planta-de-tratamiento-de-desechos-infecciosos-hospitalarios-en-guayaquil","status":"publish","type":"post","link":"https:\/\/www.ambienteyenergia.gob.ec\/ambiente\/mae-y-msp-inauguran-planta-de-tratamiento-de-desechos-infecciosos-hospitalarios-en-guayaquil\/","title":{"rendered":"MAE y MSP inauguran Planta de Tratamiento de Desechos Infecciosos Hospitalarios en Guayaquil"},"content":{"rendered":"<p style=\"text-align: justify;\">El Ministerio del Ambiente (MAE) y el Ministerio de Salud P\u00fablica (MSP), trabajan en conjunto con el prop\u00f3sito de encontrar soluciones apropiadas para la problem\u00e1tica del tratamiento de desechos hospitalarios.<\/p>\n<p style=\"text-align: justify;\">Cumpliendo este objetivo y en base a los lineamientos de la pol\u00edtica del Buen Vivir, ambas Carteras de Estado inauguraron, hoy (martes), la Planta de Tratamiento de Desechos Infecciosos Hospitalarios ubicada en el Relleno Sanitario \u201cLas Iguanas\u201d situado en el kil\u00f3metro 14 de la v\u00eda a Daule (norte de Guayaquil).<\/p>\n<p style=\"text-align: justify;\">La planta, que realiz\u00f3 una prueba de funcionamiento en diciembre pasado y un an\u00e1lisis de resultado eficiente de muestras obtenidas de aguas residuales, tiene como objetivo prevenir los da\u00f1os ambientales provocados por el manejo inapropiado de este tipo de residuos.<\/p>\n<p style=\"text-align: justify;\">\u00abLos desechos hospitalarios siempre han sido una preocupaci\u00f3n para las ciudades y en el cual se viene trabajando desde varios a\u00f1os. Ahora es una realidad\u00bb, dijo Lorena Tapia, Ministra del Ambiente, al referirse a los procesos que se siguen para evitar los efectos nocivos tanto para la salud como para el ambiente.<\/p>\n<p style=\"text-align: justify;\">Durante el recorrido que realizaron las m\u00e1ximas autoridades de ambiente y salud, se constat\u00f3 que la planta cortar\u00e1, desinfectar\u00e1 y convertir\u00e1 a los desperdicios hospitalarios en desechos comunes; adem\u00e1s, los esterilizar\u00e1 utilizando vapor de agua. Estos estar\u00e1n libres de contaminaci\u00f3nes infecciosas.<\/p>\n<p style=\"text-align: justify;\">El equipo Ecodas, modelo Autoclave T2000, de tecnolog\u00eda francesa, es automatizado y realiza los proceso sin manipulaci\u00f3n humana en los desechos y no generan reacciones qu\u00edmicas ni emisiones atmosf\u00e9ricas contaminantes para el ambiente. Una vez esterilizados los desechos se volver\u00e1n ser\u00e1n dispuestos como basura com\u00fan en el relleno sanitario Las Iguanas.<\/p>\n<p style=\"text-align: justify;\">Carina Vance, Ministra de Salud, dej\u00f3 en claro que la planta de tratamiento de desechos infecciosos asegura una mejora sustancial en el manejo integral de los residuos generados en instituciones de salud y es un paso adelante en la calidad de vida de toda la ciudadan\u00eda de Guayaquil.<\/p>\n<p style=\"text-align: justify;\">En este aspecto, Lorena Tapia ratific\u00f3 el compromiso del MAE a prestar toda la ayuda y soporte t\u00e9cnico que se requiera para fortalecer la iniciativa y seguir trabajando en el bienestar de los ecuatorianos. \u00abLogros como este estamos seguros se replicar\u00e1n gracias al compromiso de las autoridades y de los ciudadanos del pa\u00eds\u00bb, dijo.<\/p>\n<p style=\"text-align: justify;\"><strong>Modelo a seguir<\/strong><\/p>\n<p style=\"text-align: justify;\">Las Carteras de Estado esperan que esta iniciativa se convierta en un modelo a seguir en otros Municipios del pa\u00eds y que estos entreguen todos los recursos para la operaci\u00f3n y mantenimiento de las plantas.<\/p>\n<p style=\"text-align: justify;\"><strong>Audio:<\/strong><\/p>\n<p><iframe loading=\"lazy\" width=\"100%\" height=\"166\" scrolling=\"no\" frameborder=\"no\" src=\"https:\/\/w.soundcloud.com\/player\/?url=http%3A%2F%2Fapi.soundcloud.com%2Ftracks%2F75034216\"><\/iframe><\/p>\n<p style=\"text-align: justify;\"><strong>Fotos:<\/strong><\/p>\n<div id='gallery-1' class='gallery galleryid-8678 gallery-columns-3 gallery-size-thumbnail'><dl class='gallery-item'>\n\t\t\t<dt class='gallery-icon landscape'>\n\t\t\t\t<a href='https:\/\/www.ambienteyenergia.gob.ec\/ambiente\/mae-y-msp-inauguran-planta-de-tratamiento-de-desechos-infecciosos-hospitalarios-en-guayaquil\/1-20\/'><img loading=\"lazy\" decoding=\"async\" width=\"150\" height=\"150\" src=\"https:\/\/www.ambienteyenergia.gob.ec\/ambiente\/wp-content\/uploads\/sites\/2\/2013\/01\/17-150x150.jpg\" class=\"attachment-thumbnail size-thumbnail\" alt=\"\" \/><\/a>\n\t\t\t<\/dt><\/dl><dl class='gallery-item'>\n\t\t\t<dt class='gallery-icon landscape'>\n\t\t\t\t<a href='https:\/\/www.ambienteyenergia.gob.ec\/ambiente\/mae-y-msp-inauguran-planta-de-tratamiento-de-desechos-infecciosos-hospitalarios-en-guayaquil\/2-12\/'><img loading=\"lazy\" decoding=\"async\" width=\"150\" height=\"150\" src=\"https:\/\/www.ambienteyenergia.gob.ec\/ambiente\/wp-content\/uploads\/sites\/2\/2013\/01\/24-150x150.jpg\" class=\"attachment-thumbnail size-thumbnail\" alt=\"\" \/><\/a>\n\t\t\t<\/dt><\/dl><dl class='gallery-item'>\n\t\t\t<dt class='gallery-icon landscape'>\n\t\t\t\t<a href='https:\/\/www.ambienteyenergia.gob.ec\/ambiente\/mae-y-msp-inauguran-planta-de-tratamiento-de-desechos-infecciosos-hospitalarios-en-guayaquil\/3-7\/'><img loading=\"lazy\" decoding=\"async\" width=\"150\" height=\"150\" src=\"https:\/\/www.ambienteyenergia.gob.ec\/ambiente\/wp-content\/uploads\/sites\/2\/2013\/01\/34-150x150.jpg\" class=\"attachment-thumbnail size-thumbnail\" alt=\"\" \/><\/a>\n\t\t\t<\/dt><\/dl><br style=\"clear: both\" \/><dl class='gallery-item'>\n\t\t\t<dt class='gallery-icon landscape'>\n\t\t\t\t<a href='https:\/\/www.ambienteyenergia.gob.ec\/ambiente\/mae-y-msp-inauguran-planta-de-tratamiento-de-desechos-infecciosos-hospitalarios-en-guayaquil\/4-7\/'><img loading=\"lazy\" decoding=\"async\" width=\"150\" height=\"150\" src=\"https:\/\/www.ambienteyenergia.gob.ec\/ambiente\/wp-content\/uploads\/sites\/2\/2013\/01\/44-150x150.jpg\" class=\"attachment-thumbnail size-thumbnail\" alt=\"\" \/><\/a>\n\t\t\t<\/dt><\/dl><dl class='gallery-item'>\n\t\t\t<dt class='gallery-icon landscape'>\n\t\t\t\t<a href='https:\/\/www.ambienteyenergia.gob.ec\/ambiente\/mae-y-msp-inauguran-planta-de-tratamiento-de-desechos-infecciosos-hospitalarios-en-guayaquil\/5-6\/'><img loading=\"lazy\" decoding=\"async\" width=\"150\" height=\"150\" src=\"https:\/\/www.ambienteyenergia.gob.ec\/ambiente\/wp-content\/uploads\/sites\/2\/2013\/01\/54-150x150.jpg\" class=\"attachment-thumbnail size-thumbnail\" alt=\"\" \/><\/a>\n\t\t\t<\/dt><\/dl><dl class='gallery-item'>\n\t\t\t<dt class='gallery-icon landscape'>\n\t\t\t\t<a href='https:\/\/www.ambienteyenergia.gob.ec\/ambiente\/mae-y-msp-inauguran-planta-de-tratamiento-de-desechos-infecciosos-hospitalarios-en-guayaquil\/6-5\/'><img loading=\"lazy\" decoding=\"async\" width=\"150\" height=\"150\" src=\"https:\/\/www.ambienteyenergia.gob.ec\/ambiente\/wp-content\/uploads\/sites\/2\/2013\/01\/64-150x150.jpg\" class=\"attachment-thumbnail size-thumbnail\" alt=\"\" \/><\/a>\n\t\t\t<\/dt><\/dl><br style=\"clear: both\" \/><dl class='gallery-item'>\n\t\t\t<dt class='gallery-icon landscape'>\n\t\t\t\t<a href='https:\/\/www.ambienteyenergia.gob.ec\/ambiente\/mae-y-msp-inauguran-planta-de-tratamiento-de-desechos-infecciosos-hospitalarios-en-guayaquil\/7-4\/'><img loading=\"lazy\" decoding=\"async\" width=\"150\" height=\"150\" src=\"https:\/\/www.ambienteyenergia.gob.ec\/ambiente\/wp-content\/uploads\/sites\/2\/2013\/01\/73-150x150.jpg\" class=\"attachment-thumbnail size-thumbnail\" alt=\"\" \/><\/a>\n\t\t\t<\/dt><\/dl><dl class='gallery-item'>\n\t\t\t<dt class='gallery-icon landscape'>\n\t\t\t\t<a href='https:\/\/www.ambienteyenergia.gob.ec\/ambiente\/mae-y-msp-inauguran-planta-de-tratamiento-de-desechos-infecciosos-hospitalarios-en-guayaquil\/8-3\/'><img loading=\"lazy\" decoding=\"async\" width=\"150\" height=\"150\" src=\"https:\/\/www.ambienteyenergia.gob.ec\/ambiente\/wp-content\/uploads\/sites\/2\/2013\/01\/82-150x150.jpg\" class=\"attachment-thumbnail size-thumbnail\" alt=\"\" \/><\/a>\n\t\t\t<\/dt><\/dl><dl class='gallery-item'>\n\t\t\t<dt class='gallery-icon landscape'>\n\t\t\t\t<a href='https:\/\/www.ambienteyenergia.gob.ec\/ambiente\/mae-y-msp-inauguran-planta-de-tratamiento-de-desechos-infecciosos-hospitalarios-en-guayaquil\/den-4\/'><img loading=\"lazy\" decoding=\"async\" width=\"150\" height=\"150\" src=\"https:\/\/www.ambienteyenergia.gob.ec\/ambiente\/wp-content\/uploads\/sites\/2\/2013\/01\/den1-150x150.jpg\" class=\"attachment-thumbnail size-thumbnail\" alt=\"\" \/><\/a>\n\t\t\t<\/dt><\/dl><br style=\"clear: both\" \/>\n\t\t<\/div>\n\n","protected":false},"excerpt":{"rendered":"<p class=\"excerpt\">El Ministerio del Ambiente (MAE) y el Ministerio de Salud P\u00fablica (MSP), trabajan en conjunto con el prop\u00f3sito de encontrar soluciones apropiadas para la problem\u00e1tica del tratamiento de desechos hospitalarios. Cumpliendo este objetivo y en base a los lineamientos de la pol\u00edtica del Buen Vivir, ambas Carteras de Estado inauguraron, hoy (martes), la Planta de Tratamiento de Desechos Infecciosos Hospitalarios&hellip; <a href=\"https:\/\/www.ambienteyenergia.gob.ec\/ambiente\/mae-y-msp-inauguran-planta-de-tratamiento-de-desechos-infecciosos-hospitalarios-en-guayaquil\/\">Read more &rarr;<\/a><\/p>\n","protected":false},"author":13,"featured_media":8712,"comment_status":"open","ping_status":"open","sticky":false,"template":"","format":"standard","meta":{"footnotes":""},"categories":[16,4],"tags":[],"class_list":["post-8678","post","type-post","status-publish","format-standard","has-post-thumbnail","hentry","category-comunicamos","category-noticias","xfolkentry"],"_links":{"self":[{"href":"https:\/\/www.ambienteyenergia.gob.ec\/ambiente\/wp-json\/wp\/v2\/posts\/8678","targetHints":{"allow":["GET"]}}],"collection":[{"href":"https:\/\/www.ambienteyenergia.gob.ec\/ambiente\/wp-json\/wp\/v2\/posts"}],"about":[{"href":"https:\/\/www.ambienteyenergia.gob.ec\/ambiente\/wp-json\/wp\/v2\/types\/post"}],"author":[{"embeddable":true,"href":"https:\/\/www.ambienteyenergia.gob.ec\/ambiente\/wp-json\/wp\/v2\/users\/13"}],"replies":[{"embeddable":true,"href":"https:\/\/www.ambienteyenergia.gob.ec\/ambiente\/wp-json\/wp\/v2\/comments?post=8678"}],"version-history":[{"count":0,"href":"https:\/\/www.ambienteyenergia.gob.ec\/ambiente\/wp-json\/wp\/v2\/posts\/8678\/revisions"}],"wp:featuredmedia":[{"embeddable":true,"href":"https:\/\/www.ambienteyenergia.gob.ec\/ambiente\/wp-json\/wp\/v2\/media\/8712"}],"wp:attachment":[{"href":"https:\/\/www.ambienteyenergia.gob.ec\/ambiente\/wp-json\/wp\/v2\/media?parent=8678"}],"wp:term":[{"taxonomy":"category","embeddable":true,"href":"https:\/\/www.ambienteyenergia.gob.ec\/ambiente\/wp-json\/wp\/v2\/categories?post=8678"},{"taxonomy":"post_tag","embeddable":true,"href":"https:\/\/www.ambienteyenergia.gob.ec\/ambiente\/wp-json\/wp\/v2\/tags?post=8678"}],"curies":[{"name":"wp","href":"https:\/\/api.w.org\/{rel}","templated":true}]}}