{"id":8671,"date":"2013-01-14T16:52:18","date_gmt":"2013-01-14T21:52:18","guid":{"rendered":"http:\/\/www.ambiente.gob.ec\/?p=8671"},"modified":"2013-01-14T16:54:09","modified_gmt":"2013-01-14T21:54:09","slug":"inician-talleres-de-implementacion-del-mecanismo-redd-en-ecuador","status":"publish","type":"post","link":"https:\/\/www.ambienteyenergia.gob.ec\/ambiente\/inician-talleres-de-implementacion-del-mecanismo-redd-en-ecuador\/","title":{"rendered":"Inician talleres de implementaci\u00f3n del mecanismo REDD+ en Ecuador"},"content":{"rendered":"<p>El Ministerio del Ambiente (MAE), con el apoyo del Programa ONU-REDD, realiza en Quito el 14 y 15 de enero el \u201cPrimer Taller Nacional de identificaci\u00f3n y priorizaci\u00f3n de beneficios m\u00faltiples en el marco del mecanismo de Reducci\u00f3n de Emisiones por Deforestaci\u00f3n y Degradaci\u00f3n de Bosques (REDD+)\u201d.<\/p>\n<p style=\"text-align: justify;\">En la cita participan organizaciones ind\u00edgenas, organizaciones no gubernamentales nacionales e internacionales, la sociedad civil y especialistas REDD+ en Ecuador.<\/p>\n<p style=\"text-align: justify;\">Carola Borja, Subsecretaria de Cambio Clim\u00e1tico del MAE, inaugur\u00f3 las jornadas de trabajo y se\u00f1al\u00f3 que el objetivo es potenciar los beneficios y realizar un monitoreo constante. \u201cCon el mecanismo de Emisiones por Deforestaci\u00f3n y Degradaci\u00f3n, REDD+ representa una real contribuci\u00f3n para el desarrollo sostenible de estos ecosistemas en Ecuador\u00bb.<\/p>\n<p style=\"text-align: justify;\"><strong>Antecedentes<\/strong><\/p>\n<p style=\"text-align: justify;\">El MAE con el apoyo del Programa de las Naciones Unidas para el Medio Ambiente (PNUMA) y el Centro de Monitoreo de la Conservaci\u00f3n Mundial (World Conservation Monitoring Centre &#8211; WCMC), iniciaron desde marzo del 2010 un programa de trabajo conjunto para identificar los potenciales \u201cbeneficios m\u00faltiples\u201d que REDD+ pueda generar en Ecuador.<\/p>\n<p style=\"text-align: justify;\">Las actividades REDD+ buscan generar significativos beneficios sociales y ambientales, adem\u00e1s de resaltar potenciales riesgos para aquellos que dependen de los bosques.<\/p>\n<p style=\"text-align: justify;\">La iniciativa pretende definir y construir apoyo para un mayor nivel de desempe\u00f1o social y ambiental de los programas REDD+.<\/p>\n<p style=\"text-align: justify;\">Estos est\u00e1ndares pueden ser utilizados por gobiernos, ONG&#8217;s, organismos de financiamiento y otros actores para apoyar el dise\u00f1o e implementaci\u00f3n del programa.<\/p>\n<p style=\"text-align: justify;\">Asimismo, se constituyen como un instrumento compuesto por principios, criterios e indicadores; que a trav\u00e9s de su cumplimiento, contribuyen a asegurar los derechos humanos y una buena gobernanza en temas verdes.<\/p>\n<p style=\"text-align: justify;\"><strong>El Dato<\/strong><\/p>\n<p style=\"text-align: justify;\">El taller es el primero de varios que se realizar\u00e1n durante el 2013 en el pa\u00eds, los cuales pretenden identificar cu\u00e1les son los beneficios econ\u00f3micos y no econ\u00f3micos, y los respectivos riesgos de aplicar el mecanismo REDD+ en Ecuador.<\/p>\n<p style=\"text-align: justify;\"><strong>Conozca m\u00e1s sobre REDD+<\/strong><\/p>\n<p style=\"text-align: justify;\">El MAE, en noviembre de 2012, present\u00f3 un material informativo para la sociedad civil nacional e internacional, comunidades, pueblos y nacionalidades ind\u00edgenas sobre el mecanismo REDD+ en Ecuador. El producto se realiz\u00f3 con el apoyo de la Cooperaci\u00f3n Alemana al Desarrollo (GIZ).<\/p>\n<p style=\"text-align: justify;\">S\u00ed desea conocer m\u00e1s sobre este tema a trav\u00e9s del material gr\u00e1fico publicado, le sugerimos que visite el siguiente link: http:\/\/www.gesoren.org.ec\/index.php\/publicaciones<\/p>\n<p>&nbsp;<\/p>\n","protected":false},"excerpt":{"rendered":"<p class=\"excerpt\">El Ministerio del Ambiente (MAE), con el apoyo del Programa ONU-REDD, realiza en Quito el 14 y 15 de enero el \u201cPrimer Taller Nacional de identificaci\u00f3n y priorizaci\u00f3n de beneficios m\u00faltiples en el marco del mecanismo de Reducci\u00f3n de Emisiones por Deforestaci\u00f3n y Degradaci\u00f3n de Bosques (REDD+)\u201d. En la cita participan organizaciones ind\u00edgenas, organizaciones no gubernamentales nacionales e internacionales, la&hellip; <a href=\"https:\/\/www.ambienteyenergia.gob.ec\/ambiente\/inician-talleres-de-implementacion-del-mecanismo-redd-en-ecuador\/\">Read more &rarr;<\/a><\/p>\n","protected":false},"author":13,"featured_media":8674,"comment_status":"open","ping_status":"open","sticky":false,"template":"","format":"standard","meta":{"footnotes":""},"categories":[16,4],"tags":[],"class_list":["post-8671","post","type-post","status-publish","format-standard","has-post-thumbnail","hentry","category-comunicamos","category-noticias","xfolkentry"],"_links":{"self":[{"href":"https:\/\/www.ambienteyenergia.gob.ec\/ambiente\/wp-json\/wp\/v2\/posts\/8671","targetHints":{"allow":["GET"]}}],"collection":[{"href":"https:\/\/www.ambienteyenergia.gob.ec\/ambiente\/wp-json\/wp\/v2\/posts"}],"about":[{"href":"https:\/\/www.ambienteyenergia.gob.ec\/ambiente\/wp-json\/wp\/v2\/types\/post"}],"author":[{"embeddable":true,"href":"https:\/\/www.ambienteyenergia.gob.ec\/ambiente\/wp-json\/wp\/v2\/users\/13"}],"replies":[{"embeddable":true,"href":"https:\/\/www.ambienteyenergia.gob.ec\/ambiente\/wp-json\/wp\/v2\/comments?post=8671"}],"version-history":[{"count":0,"href":"https:\/\/www.ambienteyenergia.gob.ec\/ambiente\/wp-json\/wp\/v2\/posts\/8671\/revisions"}],"wp:featuredmedia":[{"embeddable":true,"href":"https:\/\/www.ambienteyenergia.gob.ec\/ambiente\/wp-json\/wp\/v2\/media\/8674"}],"wp:attachment":[{"href":"https:\/\/www.ambienteyenergia.gob.ec\/ambiente\/wp-json\/wp\/v2\/media?parent=8671"}],"wp:term":[{"taxonomy":"category","embeddable":true,"href":"https:\/\/www.ambienteyenergia.gob.ec\/ambiente\/wp-json\/wp\/v2\/categories?post=8671"},{"taxonomy":"post_tag","embeddable":true,"href":"https:\/\/www.ambienteyenergia.gob.ec\/ambiente\/wp-json\/wp\/v2\/tags?post=8671"}],"curies":[{"name":"wp","href":"https:\/\/api.w.org\/{rel}","templated":true}]}}