{"id":8649,"date":"2013-01-14T10:26:17","date_gmt":"2013-01-14T15:26:17","guid":{"rendered":"http:\/\/www.ambiente.gob.ec\/?p=8649"},"modified":"2013-01-14T16:58:46","modified_gmt":"2013-01-14T21:58:46","slug":"activacion-turistica-con-kayaks-inicia-en-la-laguna-del-quilotoa","status":"publish","type":"post","link":"https:\/\/www.ambienteyenergia.gob.ec\/ambiente\/activacion-turistica-con-kayaks-inicia-en-la-laguna-del-quilotoa\/","title":{"rendered":"Activaci\u00f3n tur\u00edstica con kayaks inicia en la Laguna del Quilotoa"},"content":{"rendered":"<p>El Ministerio del Ambiente (MAE), a trav\u00e9s del Proyecto de Sostenibilidad Financiera (PSF), aporta un nuevo modelo de gesti\u00f3n participativo e incluyente en el que las comunidades participen de manera activa en el turismo local.<\/p>\n<p style=\"text-align: justify;\">Cumpliendo este objetivo, esta Cartera de Estado entreg\u00f3 cinco kayacs la ma\u00f1ana del s\u00e1bado 12 de enero, en la Laguna de Quilotoa (sur-occidente de Latacunga a 15 kil\u00f3metros del poblado de Zumbahua) como parte del proyecto \u201cImplementaci\u00f3n Tur\u00edstica Piloto del \u00c1rea Protegida Reserva Ecol\u00f3gica Los Illinizas\u201d.<\/p>\n<p style=\"text-align: justify;\">La activaci\u00f3n traer\u00e1 significativos beneficios a la comunidad de Jatal\u00f3 y permite analizar el impacto que puede tener la introducci\u00f3n kayacs como actividad tur\u00edstica en dicha laguna.<\/p>\n<p style=\"text-align: justify;\">La iniciativa de negocios busca dejar una rentabilidad econ\u00f3mica que mejore la calidad de vida de la poblaci\u00f3n y es la primera que involucra a las comunidades en el manejo de las \u00e1reas.<\/p>\n<p style=\"text-align: justify;\">Las cinco embarcaciones concedidas con chalecos y remos vinieron a reemplazar a unas antiguas, pero esta vez incluyen derecho de uso y usufructo, procedimientos de seguridad, manejo y apropiamiento.<\/p>\n<p style=\"text-align: justify;\">El acto cont\u00f3 con la presencia de la Subsecretaria del Patrimonio Natural del MAE, Tania Villegas; la Directora Provincial de Cotopaxi; Bel\u00e9n Mar\u00edn, y la Coordinadora del Proyecto de Sostenibilidad Financiera, Zornitza Aguilar.<\/p>\n<p style=\"text-align: justify;\">Para Aguilar, la implementaci\u00f3n tur\u00edstica promulga la ampliaci\u00f3n de servicios en b\u00fasqueda del beneficio comunitario. \u201cEl tema de las \u00c1reas Protegidas y particularmente de la categor\u00eda de manejo que tiene la Reserva Ecol\u00f3gica es bastante restrictivo; entonces, lo que queremos es brindar posibilidades a trav\u00e9s del trabajo\u00bb, dijo.<\/p>\n<p style=\"text-align: justify;\"><strong>Capacitaci\u00f3n a la comunidad<\/strong><\/p>\n<p style=\"text-align: justify;\">Posterior a la entrega, se llev\u00f3 a cabo la capacitaci\u00f3n de los miembros de la comunidad con el objetivo de concientizar sobre los bienes y servicios aut\u00f3ctonos y el crecimiento de la Reserva basado en la participaci\u00f3n comunitaria.<\/p>\n<p style=\"text-align: justify;\">Nicol\u00e1s Humajinga, administrador de los kayacs, afirm\u00f3 que el proyecto plasma nuevas esperanzas en su comunidad. \u00abEn el Quilotoa vivimos del turismo y estas iniciativas captan el inter\u00e9s de los j\u00f3venes y evitan que migren a las grandes ciudades\u00bb, coment\u00f3.<\/p>\n<p style=\"text-align: justify;\">En este sentido, Nicol\u00e1s afirma que la comunidad ahora tiene el compromiso de brindar un mejor servicio, cuidar que el recurso est\u00e9 limpio, que sea atractivo y que la gente se apropie del territorio paisaj\u00edstico.<\/p>\n<p style=\"text-align: justify;\"><strong>Las fotos<\/strong>:<\/p>\n<div id='gallery-1' class='gallery galleryid-8649 gallery-columns-4 gallery-size-thumbnail'><dl class='gallery-item'>\n\t\t\t<dt class='gallery-icon landscape'>\n\t\t\t\t<a href='https:\/\/www.ambienteyenergia.gob.ec\/ambiente\/activacion-turistica-con-kayaks-inicia-en-la-laguna-del-quilotoa\/dsc07029\/'><img loading=\"lazy\" decoding=\"async\" width=\"150\" height=\"150\" src=\"https:\/\/www.ambienteyenergia.gob.ec\/ambiente\/wp-content\/uploads\/sites\/2\/2013\/01\/DSC07029-150x150.jpg\" class=\"attachment-thumbnail size-thumbnail\" alt=\"\" \/><\/a>\n\t\t\t<\/dt><\/dl><dl class='gallery-item'>\n\t\t\t<dt class='gallery-icon landscape'>\n\t\t\t\t<a href='https:\/\/www.ambienteyenergia.gob.ec\/ambiente\/activacion-turistica-con-kayaks-inicia-en-la-laguna-del-quilotoa\/dsc07044\/'><img loading=\"lazy\" decoding=\"async\" width=\"150\" height=\"150\" src=\"https:\/\/www.ambienteyenergia.gob.ec\/ambiente\/wp-content\/uploads\/sites\/2\/2013\/01\/DSC07044-150x150.jpg\" class=\"attachment-thumbnail size-thumbnail\" alt=\"\" \/><\/a>\n\t\t\t<\/dt><\/dl><dl class='gallery-item'>\n\t\t\t<dt class='gallery-icon landscape'>\n\t\t\t\t<a href='https:\/\/www.ambienteyenergia.gob.ec\/ambiente\/activacion-turistica-con-kayaks-inicia-en-la-laguna-del-quilotoa\/dsc07046\/'><img loading=\"lazy\" decoding=\"async\" width=\"150\" height=\"150\" src=\"https:\/\/www.ambienteyenergia.gob.ec\/ambiente\/wp-content\/uploads\/sites\/2\/2013\/01\/DSC07046-150x150.jpg\" class=\"attachment-thumbnail size-thumbnail\" alt=\"\" \/><\/a>\n\t\t\t<\/dt><\/dl><dl class='gallery-item'>\n\t\t\t<dt class='gallery-icon landscape'>\n\t\t\t\t<a href='https:\/\/www.ambienteyenergia.gob.ec\/ambiente\/activacion-turistica-con-kayaks-inicia-en-la-laguna-del-quilotoa\/dsc07059\/'><img loading=\"lazy\" decoding=\"async\" width=\"150\" height=\"150\" src=\"https:\/\/www.ambienteyenergia.gob.ec\/ambiente\/wp-content\/uploads\/sites\/2\/2013\/01\/DSC07059-150x150.jpg\" class=\"attachment-thumbnail size-thumbnail\" alt=\"\" \/><\/a>\n\t\t\t<\/dt><\/dl><br style=\"clear: both\" \/><dl class='gallery-item'>\n\t\t\t<dt class='gallery-icon landscape'>\n\t\t\t\t<a href='https:\/\/www.ambienteyenergia.gob.ec\/ambiente\/activacion-turistica-con-kayaks-inicia-en-la-laguna-del-quilotoa\/dsc07085\/'><img loading=\"lazy\" decoding=\"async\" width=\"150\" height=\"150\" src=\"https:\/\/www.ambienteyenergia.gob.ec\/ambiente\/wp-content\/uploads\/sites\/2\/2013\/01\/DSC07085-150x150.jpg\" class=\"attachment-thumbnail size-thumbnail\" alt=\"\" \/><\/a>\n\t\t\t<\/dt><\/dl><dl class='gallery-item'>\n\t\t\t<dt class='gallery-icon landscape'>\n\t\t\t\t<a href='https:\/\/www.ambienteyenergia.gob.ec\/ambiente\/activacion-turistica-con-kayaks-inicia-en-la-laguna-del-quilotoa\/dsc07097\/'><img loading=\"lazy\" decoding=\"async\" width=\"150\" height=\"150\" src=\"https:\/\/www.ambienteyenergia.gob.ec\/ambiente\/wp-content\/uploads\/sites\/2\/2013\/01\/DSC07097-150x150.jpg\" class=\"attachment-thumbnail size-thumbnail\" alt=\"\" \/><\/a>\n\t\t\t<\/dt><\/dl><dl class='gallery-item'>\n\t\t\t<dt class='gallery-icon landscape'>\n\t\t\t\t<a href='https:\/\/www.ambienteyenergia.gob.ec\/ambiente\/activacion-turistica-con-kayaks-inicia-en-la-laguna-del-quilotoa\/dsc07099\/'><img loading=\"lazy\" decoding=\"async\" width=\"150\" height=\"150\" src=\"https:\/\/www.ambienteyenergia.gob.ec\/ambiente\/wp-content\/uploads\/sites\/2\/2013\/01\/DSC07099-150x150.jpg\" class=\"attachment-thumbnail size-thumbnail\" alt=\"\" \/><\/a>\n\t\t\t<\/dt><\/dl><dl class='gallery-item'>\n\t\t\t<dt class='gallery-icon landscape'>\n\t\t\t\t<a href='https:\/\/www.ambienteyenergia.gob.ec\/ambiente\/activacion-turistica-con-kayaks-inicia-en-la-laguna-del-quilotoa\/1-18\/'><img loading=\"lazy\" decoding=\"async\" width=\"150\" height=\"150\" src=\"https:\/\/www.ambienteyenergia.gob.ec\/ambiente\/wp-content\/uploads\/sites\/2\/2013\/01\/15-150x150.jpg\" class=\"attachment-thumbnail size-thumbnail\" alt=\"\" \/><\/a>\n\t\t\t<\/dt><\/dl><br style=\"clear: both\" \/>\n\t\t<\/div>\n\n<p>&nbsp;<\/p>\n","protected":false},"excerpt":{"rendered":"<p class=\"excerpt\">El Ministerio del Ambiente (MAE), a trav\u00e9s del Proyecto de Sostenibilidad Financiera (PSF), aporta un nuevo modelo de gesti\u00f3n participativo e incluyente en el que las comunidades participen de manera activa en el turismo local. Cumpliendo este objetivo, esta Cartera de Estado entreg\u00f3 cinco kayacs la ma\u00f1ana del s\u00e1bado 12 de enero, en la Laguna de Quilotoa (sur-occidente de Latacunga&hellip; <a href=\"https:\/\/www.ambienteyenergia.gob.ec\/ambiente\/activacion-turistica-con-kayaks-inicia-en-la-laguna-del-quilotoa\/\">Read more &rarr;<\/a><\/p>\n","protected":false},"author":13,"featured_media":8661,"comment_status":"open","ping_status":"open","sticky":false,"template":"","format":"standard","meta":{"footnotes":""},"categories":[16,4],"tags":[200,201,53,199],"class_list":["post-8649","post","type-post","status-publish","format-standard","has-post-thumbnail","hentry","category-comunicamos","category-noticias","tag-laguna","tag-latacunga","tag-mae","tag-quilotoa","xfolkentry"],"_links":{"self":[{"href":"https:\/\/www.ambienteyenergia.gob.ec\/ambiente\/wp-json\/wp\/v2\/posts\/8649","targetHints":{"allow":["GET"]}}],"collection":[{"href":"https:\/\/www.ambienteyenergia.gob.ec\/ambiente\/wp-json\/wp\/v2\/posts"}],"about":[{"href":"https:\/\/www.ambienteyenergia.gob.ec\/ambiente\/wp-json\/wp\/v2\/types\/post"}],"author":[{"embeddable":true,"href":"https:\/\/www.ambienteyenergia.gob.ec\/ambiente\/wp-json\/wp\/v2\/users\/13"}],"replies":[{"embeddable":true,"href":"https:\/\/www.ambienteyenergia.gob.ec\/ambiente\/wp-json\/wp\/v2\/comments?post=8649"}],"version-history":[{"count":0,"href":"https:\/\/www.ambienteyenergia.gob.ec\/ambiente\/wp-json\/wp\/v2\/posts\/8649\/revisions"}],"wp:featuredmedia":[{"embeddable":true,"href":"https:\/\/www.ambienteyenergia.gob.ec\/ambiente\/wp-json\/wp\/v2\/media\/8661"}],"wp:attachment":[{"href":"https:\/\/www.ambienteyenergia.gob.ec\/ambiente\/wp-json\/wp\/v2\/media?parent=8649"}],"wp:term":[{"taxonomy":"category","embeddable":true,"href":"https:\/\/www.ambienteyenergia.gob.ec\/ambiente\/wp-json\/wp\/v2\/categories?post=8649"},{"taxonomy":"post_tag","embeddable":true,"href":"https:\/\/www.ambienteyenergia.gob.ec\/ambiente\/wp-json\/wp\/v2\/tags?post=8649"}],"curies":[{"name":"wp","href":"https:\/\/api.w.org\/{rel}","templated":true}]}}