{"id":8617,"date":"2013-01-12T15:39:32","date_gmt":"2013-01-12T20:39:32","guid":{"rendered":"http:\/\/www.ambiente.gob.ec\/?p=8617"},"modified":"2013-01-14T15:28:54","modified_gmt":"2013-01-14T20:28:54","slug":"la-casita-del-buen-vivir-en-el-quicentro-sur","status":"publish","type":"post","link":"https:\/\/www.ambienteyenergia.gob.ec\/ambiente\/la-casita-del-buen-vivir-en-el-quicentro-sur\/","title":{"rendered":"La Casita del Buen Vivir visit\u00f3 el Quicentro Sur (Quito)"},"content":{"rendered":"<p style=\"text-align: justify;\">El proyecto de educaci\u00f3n ambiental ciudadana \u201cSomos parte de la soluci\u00f3n\u201d promovida por el Ministerio del Ambiente (MAE) estuvo el d\u00eda s\u00e1bado en el C.C. Quicentro Sur (sur de Quito), con el prototipo ecol\u00f3gico \u201cla Casa del Buen Vivir\u201d.<\/p>\n<p style=\"text-align: justify;\">El objetivo fue sensibilizar y concienciar a la ciudadan\u00eda sobre la educaci\u00f3n ambiental y las tecnolog\u00edas amigables con el ambiente.<\/p>\n<p style=\"text-align: justify;\">Desde las 09:00 que el centro comercial abri\u00f3 sus puertas, la gente no dej\u00f3 de acercarse con asombro y curiosidad, la mayor\u00eda se interes\u00f3 mucho en conocer e informarse sobre esta nueva alternativa ecol\u00f3gica que presenta la Direcci\u00f3n de Informaci\u00f3n, Seguimiento y Evaluaci\u00f3n del MAE.<\/p>\n<p style=\"text-align: justify;\">Las funcionarias de la Cartera de Estado socializaron diferentes temas y comunicaron las nuevas formas de cuidado ambiental y sobre todo del uso de las 4 \u201cR\u201d (reducir, reutilizar, reciclar y rechazar), las personas y en especial los ni\u00f1os realizaron preguntas y expusieron sus inquietudes, a la vez que su satisfacci\u00f3n por esta iniciativa.<\/p>\n<p style=\"text-align: justify;\">Henry S\u00e1nchez, uno de los participantes manifest\u00f3 que le pareci\u00f3 interesante este tipo de ideas verdes porque ayudan a disminuir la contaminaci\u00f3n y los modelos del buen vivir. \u201cMe interes\u00f3 la forma en que se utiliza el inversor y las c\u00e9lulas fotovoltaicas para suministrar energ\u00eda\u201d, dijo.<\/p>\n<p style=\"text-align: justify;\">La meta de la casa rodante es motivar comportamientos ambientales y promover la participaci\u00f3n en especial de los ni\u00f1os y j\u00f3venes.<\/p>\n<p style=\"text-align: justify;\">Adri\u00e1n Sandoval, fue uno de los peque\u00f1os que no apart\u00f3 su vista de las expositoras, y se motiv\u00f3 al ver los paneles solares. \u00abLa energ\u00eda natural que ahorra los recursos electricos fue lo que m\u00e1s me llamo la atenci\u00f3n. Le conversar\u00e9 a mi profesora para aplicar \u00e9ste proyecto en mi escuela\u00bb.<\/p>\n<p style=\"text-align: justify;\">La vivienda est\u00e1 hecha completamente con materiales reciclados, la construcci\u00f3n fue realizada por el arquitecto Jos\u00e9 Gallegos y el Ministerio del Ambiente es la instituci\u00f3n encargada de satisfacer la demanda de informaci\u00f3n, conocimiento ambiental e impulsar nuevas pr\u00e1cticas ambientales en la poblaci\u00f3n.<\/p>\n<p><em>concienciar<\/em><\/p>\n","protected":false},"excerpt":{"rendered":"<p class=\"excerpt\">El proyecto de educaci\u00f3n ambiental ciudadana \u201cSomos parte de la soluci\u00f3n\u201d promovida por el Ministerio del Ambiente (MAE) estuvo el d\u00eda s\u00e1bado en el C.C. Quicentro Sur (sur de Quito), con el prototipo ecol\u00f3gico \u201cla Casa del Buen Vivir\u201d. El objetivo fue sensibilizar y concienciar a la ciudadan\u00eda sobre la educaci\u00f3n ambiental y las tecnolog\u00edas amigables con el ambiente. Desde&hellip; <a href=\"https:\/\/www.ambienteyenergia.gob.ec\/ambiente\/la-casita-del-buen-vivir-en-el-quicentro-sur\/\">Read more &rarr;<\/a><\/p>\n","protected":false},"author":13,"featured_media":8618,"comment_status":"open","ping_status":"open","sticky":false,"template":"","format":"standard","meta":{"footnotes":""},"categories":[16,4],"tags":[],"class_list":["post-8617","post","type-post","status-publish","format-standard","has-post-thumbnail","hentry","category-comunicamos","category-noticias","xfolkentry"],"_links":{"self":[{"href":"https:\/\/www.ambienteyenergia.gob.ec\/ambiente\/wp-json\/wp\/v2\/posts\/8617","targetHints":{"allow":["GET"]}}],"collection":[{"href":"https:\/\/www.ambienteyenergia.gob.ec\/ambiente\/wp-json\/wp\/v2\/posts"}],"about":[{"href":"https:\/\/www.ambienteyenergia.gob.ec\/ambiente\/wp-json\/wp\/v2\/types\/post"}],"author":[{"embeddable":true,"href":"https:\/\/www.ambienteyenergia.gob.ec\/ambiente\/wp-json\/wp\/v2\/users\/13"}],"replies":[{"embeddable":true,"href":"https:\/\/www.ambienteyenergia.gob.ec\/ambiente\/wp-json\/wp\/v2\/comments?post=8617"}],"version-history":[{"count":0,"href":"https:\/\/www.ambienteyenergia.gob.ec\/ambiente\/wp-json\/wp\/v2\/posts\/8617\/revisions"}],"wp:featuredmedia":[{"embeddable":true,"href":"https:\/\/www.ambienteyenergia.gob.ec\/ambiente\/wp-json\/wp\/v2\/media\/8618"}],"wp:attachment":[{"href":"https:\/\/www.ambienteyenergia.gob.ec\/ambiente\/wp-json\/wp\/v2\/media?parent=8617"}],"wp:term":[{"taxonomy":"category","embeddable":true,"href":"https:\/\/www.ambienteyenergia.gob.ec\/ambiente\/wp-json\/wp\/v2\/categories?post=8617"},{"taxonomy":"post_tag","embeddable":true,"href":"https:\/\/www.ambienteyenergia.gob.ec\/ambiente\/wp-json\/wp\/v2\/tags?post=8617"}],"curies":[{"name":"wp","href":"https:\/\/api.w.org\/{rel}","templated":true}]}}