{"id":8614,"date":"2013-01-12T08:21:02","date_gmt":"2013-01-12T13:21:02","guid":{"rendered":"http:\/\/www.ambiente.gob.ec\/?p=8614"},"modified":"2013-01-14T14:43:48","modified_gmt":"2013-01-14T19:43:48","slug":"guarandenos-interesados-en-conocer-los-servicios-del-mae","status":"publish","type":"post","link":"https:\/\/www.ambienteyenergia.gob.ec\/ambiente\/guarandenos-interesados-en-conocer-los-servicios-del-mae\/","title":{"rendered":"Guarande\u00f1os interesados en conocer los servicios del MAE"},"content":{"rendered":"<p style=\"text-align: justify;\">Miles de personas se dieron cita hoy (s\u00e1bado 12 de enero de 2013) en la Feria Socio Pa\u00eds, que se desarroll\u00f3 en la Plaza Roja, en el cant\u00f3n Guaranda (Bol\u00edvar) para festejar los seis a\u00f1os de la Gobierno de la Revoluci\u00f3n Ciudadana.<\/p>\n<p>En el evento, entidades estatales como Ministerios y Empresas P\u00fablicas realizaron m\u00faltiples actividades para brindar informaci\u00f3n a los visitantes, quienes se mostraron interesados al recorrer la feria.<\/p>\n<p>Los funcionarios del MAE, preparados con folletos, videos, cartillas, juegos y dem\u00e1s herramientas de trabajo, socializaron los Programas y Proyectos de \u00e9sta Cartera de Estado.<\/p>\n<p>Ni\u00f1os, j\u00f3venes y adultos tuvieron la oportunidad de poner a prueba sus conocimientos sobre ambiente, su talento art\u00edstico y su habilidad; la recompensa su propio logro y un presente del MAE. Ambiente puso trabajar la mente y las manos de quienes se acercaron a nuestros juegos.<\/p>\n<p>En familia o en grupos de amigos, los asistentes reflexionaron sobre la contaminaci\u00f3n que ataca al planeta y, al mismo tiempo, plantearon soluciones para resolver el problema.<\/p>\n<p><strong>Exposici\u00f3n L\u00fadica<\/strong><\/p>\n<p>Ambiente coloc\u00f3 dos pabellones con 6 juegos, que de manera l\u00fadica, exhibieron los proyectos ambientales m\u00e1s importantes del Ecuador.<\/p>\n<p>Los asistentes conocieron con detalles los programas impulsados por la Empresa P\u00fablica de Parques con sus proyectos Parque Samanes e Isla Santay, Guayaquil Ecol\u00f3gico con su Proyecto Estero Salado. Asimismo, se instruy\u00f3 sobre el Programa Nacional de Gesti\u00f3n Integral de Desechos S\u00f3lidos, el Programa de \u00c1reas Protegidas, Socio Bosque y el Programa de Reparaci\u00f3n Ambiental y Social (PRAS).<\/p>\n<p>Para la ciudadana Nancy Carrera el evento promovi\u00f3 la incorporaci\u00f3n de peque\u00f1as acciones \u2018verdes\u2019 en la vida diaria que pueden marcar la diferencia. \u201cEstoy convencida que la suma de esfuerzos es clave para tomar conciencia por el ambiente. Este espacio sin duda gener\u00f3 un mensaje de preservaci\u00f3n por la madre tierra\u201d, asinti\u00f3.<\/p>\n<p><strong>La foto:<\/strong><\/p>\n<div id='gallery-1' class='gallery galleryid-8614 gallery-columns-3 gallery-size-thumbnail'><dl class='gallery-item'>\n\t\t\t<dt class='gallery-icon landscape'>\n\t\t\t\t<a href='https:\/\/www.ambienteyenergia.gob.ec\/ambiente\/guarandenos-interesados-en-conocer-los-servicios-del-mae\/1-17\/'><img loading=\"lazy\" decoding=\"async\" width=\"150\" height=\"150\" src=\"https:\/\/www.ambienteyenergia.gob.ec\/ambiente\/wp-content\/uploads\/sites\/2\/2013\/01\/14-150x150.jpg\" class=\"attachment-thumbnail size-thumbnail\" alt=\"\" \/><\/a>\n\t\t\t<\/dt><\/dl><dl class='gallery-item'>\n\t\t\t<dt class='gallery-icon landscape'>\n\t\t\t\t<a href='https:\/\/www.ambienteyenergia.gob.ec\/ambiente\/guarandenos-interesados-en-conocer-los-servicios-del-mae\/2-10\/'><img loading=\"lazy\" decoding=\"async\" width=\"150\" height=\"150\" src=\"https:\/\/www.ambienteyenergia.gob.ec\/ambiente\/wp-content\/uploads\/sites\/2\/2013\/01\/22-150x150.jpg\" class=\"attachment-thumbnail size-thumbnail\" alt=\"\" \/><\/a>\n\t\t\t<\/dt><\/dl><dl class='gallery-item'>\n\t\t\t<dt class='gallery-icon landscape'>\n\t\t\t\t<a href='https:\/\/www.ambienteyenergia.gob.ec\/ambiente\/guarandenos-interesados-en-conocer-los-servicios-del-mae\/3-5\/'><img loading=\"lazy\" decoding=\"async\" width=\"150\" height=\"150\" src=\"https:\/\/www.ambienteyenergia.gob.ec\/ambiente\/wp-content\/uploads\/sites\/2\/2013\/01\/32-150x150.jpg\" class=\"attachment-thumbnail size-thumbnail\" alt=\"\" \/><\/a>\n\t\t\t<\/dt><\/dl><br style=\"clear: both\" \/><dl class='gallery-item'>\n\t\t\t<dt class='gallery-icon landscape'>\n\t\t\t\t<a href='https:\/\/www.ambienteyenergia.gob.ec\/ambiente\/guarandenos-interesados-en-conocer-los-servicios-del-mae\/4-5\/'><img loading=\"lazy\" decoding=\"async\" width=\"150\" height=\"150\" src=\"https:\/\/www.ambienteyenergia.gob.ec\/ambiente\/wp-content\/uploads\/sites\/2\/2013\/01\/42-150x150.jpg\" class=\"attachment-thumbnail size-thumbnail\" alt=\"\" \/><\/a>\n\t\t\t<\/dt><\/dl><dl class='gallery-item'>\n\t\t\t<dt class='gallery-icon landscape'>\n\t\t\t\t<a href='https:\/\/www.ambienteyenergia.gob.ec\/ambiente\/guarandenos-interesados-en-conocer-los-servicios-del-mae\/5-4\/'><img loading=\"lazy\" decoding=\"async\" width=\"150\" height=\"150\" src=\"https:\/\/www.ambienteyenergia.gob.ec\/ambiente\/wp-content\/uploads\/sites\/2\/2013\/01\/52-150x150.jpg\" class=\"attachment-thumbnail size-thumbnail\" alt=\"\" \/><\/a>\n\t\t\t<\/dt><\/dl><dl class='gallery-item'>\n\t\t\t<dt class='gallery-icon landscape'>\n\t\t\t\t<a href='https:\/\/www.ambienteyenergia.gob.ec\/ambiente\/guarandenos-interesados-en-conocer-los-servicios-del-mae\/la-foto-5\/'><img loading=\"lazy\" decoding=\"async\" width=\"150\" height=\"150\" src=\"https:\/\/www.ambienteyenergia.gob.ec\/ambiente\/wp-content\/uploads\/sites\/2\/2013\/01\/la-foto-5-150x150.jpg\" class=\"attachment-thumbnail size-thumbnail\" alt=\"\" \/><\/a>\n\t\t\t<\/dt><\/dl><br style=\"clear: both\" \/>\n\t\t<\/div>\n\n","protected":false},"excerpt":{"rendered":"<p class=\"excerpt\">Miles de personas se dieron cita hoy (s\u00e1bado 12 de enero de 2013) en la Feria Socio Pa\u00eds, que se desarroll\u00f3 en la Plaza Roja, en el cant\u00f3n Guaranda (Bol\u00edvar) para festejar los seis a\u00f1os de la Gobierno de la Revoluci\u00f3n Ciudadana. En el evento, entidades estatales como Ministerios y Empresas P\u00fablicas realizaron m\u00faltiples actividades para brindar informaci\u00f3n a los&hellip; <a href=\"https:\/\/www.ambienteyenergia.gob.ec\/ambiente\/guarandenos-interesados-en-conocer-los-servicios-del-mae\/\">Read more &rarr;<\/a><\/p>\n","protected":false},"author":13,"featured_media":8639,"comment_status":"open","ping_status":"open","sticky":false,"template":"","format":"standard","meta":{"footnotes":""},"categories":[16,4],"tags":[],"class_list":["post-8614","post","type-post","status-publish","format-standard","has-post-thumbnail","hentry","category-comunicamos","category-noticias","xfolkentry"],"_links":{"self":[{"href":"https:\/\/www.ambienteyenergia.gob.ec\/ambiente\/wp-json\/wp\/v2\/posts\/8614","targetHints":{"allow":["GET"]}}],"collection":[{"href":"https:\/\/www.ambienteyenergia.gob.ec\/ambiente\/wp-json\/wp\/v2\/posts"}],"about":[{"href":"https:\/\/www.ambienteyenergia.gob.ec\/ambiente\/wp-json\/wp\/v2\/types\/post"}],"author":[{"embeddable":true,"href":"https:\/\/www.ambienteyenergia.gob.ec\/ambiente\/wp-json\/wp\/v2\/users\/13"}],"replies":[{"embeddable":true,"href":"https:\/\/www.ambienteyenergia.gob.ec\/ambiente\/wp-json\/wp\/v2\/comments?post=8614"}],"version-history":[{"count":0,"href":"https:\/\/www.ambienteyenergia.gob.ec\/ambiente\/wp-json\/wp\/v2\/posts\/8614\/revisions"}],"wp:featuredmedia":[{"embeddable":true,"href":"https:\/\/www.ambienteyenergia.gob.ec\/ambiente\/wp-json\/wp\/v2\/media\/8639"}],"wp:attachment":[{"href":"https:\/\/www.ambienteyenergia.gob.ec\/ambiente\/wp-json\/wp\/v2\/media?parent=8614"}],"wp:term":[{"taxonomy":"category","embeddable":true,"href":"https:\/\/www.ambienteyenergia.gob.ec\/ambiente\/wp-json\/wp\/v2\/categories?post=8614"},{"taxonomy":"post_tag","embeddable":true,"href":"https:\/\/www.ambienteyenergia.gob.ec\/ambiente\/wp-json\/wp\/v2\/tags?post=8614"}],"curies":[{"name":"wp","href":"https:\/\/api.w.org\/{rel}","templated":true}]}}