{"id":8591,"date":"2013-01-12T15:23:00","date_gmt":"2013-01-12T20:23:00","guid":{"rendered":"http:\/\/www.ambiente.gob.ec\/?p=8591"},"modified":"2013-01-12T15:52:09","modified_gmt":"2013-01-12T20:52:09","slug":"mae-informa-en-torno-al-caso-de-desvio-de-fondos-2","status":"publish","type":"post","link":"https:\/\/www.ambienteyenergia.gob.ec\/ambiente\/mae-informa-en-torno-al-caso-de-desvio-de-fondos-2\/","title":{"rendered":"MAE informa en torno al caso de desv\u00edo de fondos"},"content":{"rendered":"<p>Hoy (viernes) el Juez Octavo de Garant\u00edas Penales de Pichincha, Dr. Ivan Merchan Aguirre, dentro del juicio penal No. 17258-2012-1405, dictamin\u00f3 orden de prisi\u00f3n preventiva a D. Guzm\u00e1n y W. P\u00e9rez.<\/p>\n<p>Las investigaciones policiales determinaron elementos de cargo que vinculan a los ciudadanos al caso del desv\u00edo de fondos del Ministerio del Ambiente (MAE).<\/p>\n<p>Asimismo, al vincularse estas persnas, la Instrucci\u00f3n Fiscal se extiende por treinta d\u00edas m\u00e1s.<\/p>\n<p>Se deja constancia <strong>de que los detenidos no son funcionarios ni proveedores<\/strong> de esta Cartera de Estado.<\/p>\n<p><strong>Cronolog\u00eda del caso de desv\u00edo de fondos (Hasta el 11 de Enero del 2013)<\/strong><\/p>\n<ul>\n<li>En mayo del 2012 se determin\u00f3 que exist\u00eda un desv\u00edo de fondos en \u00e9sta Cartera de Estado.<\/li>\n<li>El delito que se investig\u00f3 por apropiaci\u00f3n il\u00edcita fue acumulado al de Peculado, por ser este un delito mayor.<\/li>\n<li>14 detenidos hasta el momento, cinco fueron funcionarios del Ministerio del Ambiente.<\/li>\n<li>2 personas con sustituci\u00f3n de medidas cautelares<\/li>\n<li>Un total de 36 personas est\u00e1n pr\u00f3fugas.<\/li>\n<li>El viernes 11 de enero del 2013, el Juez Octavo de Garant\u00edas Penales de Pichincha dictamin\u00f3 prisi\u00f3n preventiva a dos vinculados. Estos tampoco eran funcionarios ni proveedores del MAE<\/li>\n<li>El Ministerio del Ambiente fue sujeto de una auditor\u00eda y ya existe un informe previo.<\/li>\n<\/ul>\n<p>El Ministerio del Ambiente colabora con las autoridades para llegar a determinar a todos los responsables del hecho y que se los condene para que paguen da\u00f1os y perjuicios. El desv\u00edo de fondos alcanza los 7\u00b4600.798 d\u00f3lares.<\/p>\n<p>Uno de los principales involucrados, que ya est\u00e1 detenido, es Crist\u00f3bal Rigoberto L\u00f3pez Viteri, quien se presume era una de las mentes detr\u00e1s del il\u00edcito. Era el supuesto encargado de recolectar el dinero que se depositaba en varias cuentas de personas ajenas al Ministerio del Ambiente.<\/p>\n<p>Los hoy vinculados son D. A. Guzm\u00e1n y W. P\u00e9rez. \u00c9sta se realiz\u00f3 luego de la audiencia en el Juzgado Octavo de Garant\u00edas Penales de Pichincha en la que el Juez Iv\u00e1n Merch\u00e1n dictamin\u00f3 la prisi\u00f3n preventiva en contra de los vinculados.<\/p>\n<p>Los actuales vinculados intervinieron en el desv\u00edo de fondos con sus claves y usuarios en los sistemas financieros del Estado.<\/p>\n<p><strong>Sigue toda la informaci\u00f3n en torno al caso a trav\u00e9s de Twitter con el HT <a href=\"https:\/\/twitter.com\/search?q=%23Desv%C3%ADoAmbiente&amp;src=typd\" target=\"_blank\">#Desv\u00edoAmbiente<\/a><\/strong><\/p>\n<p>&nbsp;<\/p>\n","protected":false},"excerpt":{"rendered":"<p class=\"excerpt\">Hoy (viernes) el Juez Octavo de Garant\u00edas Penales de Pichincha, Dr. Ivan Merchan Aguirre, dentro del juicio penal No. 17258-2012-1405, dictamin\u00f3 orden de prisi\u00f3n preventiva a D. Guzm\u00e1n y W. P\u00e9rez. Las investigaciones policiales determinaron elementos de cargo que vinculan a los ciudadanos al caso del desv\u00edo de fondos del Ministerio del Ambiente (MAE). Asimismo, al vincularse estas persnas, la&hellip; <a href=\"https:\/\/www.ambienteyenergia.gob.ec\/ambiente\/mae-informa-en-torno-al-caso-de-desvio-de-fondos-2\/\">Read more &rarr;<\/a><\/p>\n","protected":false},"author":13,"featured_media":8594,"comment_status":"open","ping_status":"open","sticky":false,"template":"","format":"standard","meta":{"footnotes":""},"categories":[16,4],"tags":[],"class_list":["post-8591","post","type-post","status-publish","format-standard","has-post-thumbnail","hentry","category-comunicamos","category-noticias","xfolkentry"],"_links":{"self":[{"href":"https:\/\/www.ambienteyenergia.gob.ec\/ambiente\/wp-json\/wp\/v2\/posts\/8591","targetHints":{"allow":["GET"]}}],"collection":[{"href":"https:\/\/www.ambienteyenergia.gob.ec\/ambiente\/wp-json\/wp\/v2\/posts"}],"about":[{"href":"https:\/\/www.ambienteyenergia.gob.ec\/ambiente\/wp-json\/wp\/v2\/types\/post"}],"author":[{"embeddable":true,"href":"https:\/\/www.ambienteyenergia.gob.ec\/ambiente\/wp-json\/wp\/v2\/users\/13"}],"replies":[{"embeddable":true,"href":"https:\/\/www.ambienteyenergia.gob.ec\/ambiente\/wp-json\/wp\/v2\/comments?post=8591"}],"version-history":[{"count":0,"href":"https:\/\/www.ambienteyenergia.gob.ec\/ambiente\/wp-json\/wp\/v2\/posts\/8591\/revisions"}],"wp:featuredmedia":[{"embeddable":true,"href":"https:\/\/www.ambienteyenergia.gob.ec\/ambiente\/wp-json\/wp\/v2\/media\/8594"}],"wp:attachment":[{"href":"https:\/\/www.ambienteyenergia.gob.ec\/ambiente\/wp-json\/wp\/v2\/media?parent=8591"}],"wp:term":[{"taxonomy":"category","embeddable":true,"href":"https:\/\/www.ambienteyenergia.gob.ec\/ambiente\/wp-json\/wp\/v2\/categories?post=8591"},{"taxonomy":"post_tag","embeddable":true,"href":"https:\/\/www.ambienteyenergia.gob.ec\/ambiente\/wp-json\/wp\/v2\/tags?post=8591"}],"curies":[{"name":"wp","href":"https:\/\/api.w.org\/{rel}","templated":true}]}}