{"id":8577,"date":"2013-01-10T18:05:18","date_gmt":"2013-01-10T23:05:18","guid":{"rendered":"http:\/\/www.ambiente.gob.ec\/?p=8577"},"modified":"2013-01-10T18:06:15","modified_gmt":"2013-01-10T23:06:15","slug":"con-la-instalacion-de-dos-nuevas-estaciones-se-completa-el-plan-de-oxigenacion-del-estero-salado","status":"publish","type":"post","link":"https:\/\/www.ambienteyenergia.gob.ec\/ambiente\/con-la-instalacion-de-dos-nuevas-estaciones-se-completa-el-plan-de-oxigenacion-del-estero-salado\/","title":{"rendered":"Con la instalaci\u00f3n de dos nuevas estaciones se completa el plan de oxigenaci\u00f3n del Estero Salado"},"content":{"rendered":"<p style=\"text-align: justify;\">El Ministerio del Ambiente (MAE), a trav\u00e9s de su proyecto Guayaquil Ecol\u00f3gico-Componente Estero Salado instal\u00f3 dos nuevas estaciones de oxigenaci\u00f3n forzada (superoxigenaci\u00f3n) en los ramales de los esteros \u201cMogoll\u00f3n\u201d (a la altura del puente de la E) y \u201cPuerto Lisa\u201d (en las calles Santa Elena y Francisco Segura).<\/p>\n<p style=\"text-align: justify;\">Ambas estaciones entraron en funcionamiento el pasado 28 de diciembre y tienen la capacidad de oxigenar 1.500 galones de agua por minuto, con ello, se complet\u00f3 el plan de implementaci\u00f3n del servicio de aplicaci\u00f3n de la t\u00e9cnica de oxigenaci\u00f3n forzada que ha beneficiado a distintos sectores de la urbe como Kennedy Norte, Urdesa Norte y en los Esteros Las Ranas, Mogoll\u00f3n y Puerto Lisa (2 estaciones).<\/p>\n<p style=\"text-align: justify;\">Actualmente, son 6 las estaciones activas y el objetivo de aplicar esta t\u00e9cnica es incrementar los niveles de ox\u00edgeno disuelto en agua llegando por lo menos a niveles de 2mg\/l (miligramos por litro) frente a los 0,19mg\/l que exist\u00edan antes de la aplicaci\u00f3n de este sistema. Con esto, se busca tener un espacio acu\u00e1tico de mejor calidad para las especies de flora y fauna que ah\u00ed habitan, tomando en cuenta que un cuerpo de agua no intervenido posee aproximadamente 4mg\/l, lo que permite el desarrollo normal de la vida.<\/p>\n<p style=\"text-align: justify;\">La disminuci\u00f3n de malos olores es otro de los beneficios que traen consigo dichas estaciones, como se ha evidenciado, en el Estero Salado del norte de la ciudad. Pobladores y transe\u00fantes indican en un 72% que el olor del estero es m\u00e1s agradable que antes, mientras que un 61.2% not\u00f3 mejor\u00edas en la coloraci\u00f3n del agua.<\/p>\n<p style=\"text-align: justify;\">Se continuar\u00e1 monitoreando de manera cualitativa y cuantitativa los beneficios de las nuevas m\u00e1quinas de superoxigenaci\u00f3n instaladas en el sector sur del Estero Salado.<\/p>\n<p style=\"text-align: justify;\"><strong>La foto<\/strong>:<\/p>\n<p style=\"text-align: justify;\"><a href=\"http:\/\/www.ambienteyenergia.gob.ec\/ambiente\/wp-content\/uploads\/2013\/01\/ox2.jpg\"><img loading=\"lazy\" decoding=\"async\" class=\"aligncenter size-full wp-image-8578\" title=\" Inyecci\u00f3n de agua superoxigenada en la nueva estaci\u00f3n del Estero Mogoll\u00f3n\" src=\"http:\/\/www.ambienteyenergia.gob.ec\/ambiente\/wp-content\/uploads\/2013\/01\/ox2.jpg\" alt=\"\" width=\"650\" height=\"488\" srcset=\"https:\/\/www.ambienteyenergia.gob.ec\/ambiente\/wp-content\/uploads\/sites\/2\/2013\/01\/ox2.jpg 650w, https:\/\/www.ambienteyenergia.gob.ec\/ambiente\/wp-content\/uploads\/sites\/2\/2013\/01\/ox2-300x225.jpg 300w, https:\/\/www.ambienteyenergia.gob.ec\/ambiente\/wp-content\/uploads\/sites\/2\/2013\/01\/ox2-399x300.jpg 399w\" sizes=\"auto, (max-width: 650px) 100vw, 650px\" \/><\/a><\/p>\n","protected":false},"excerpt":{"rendered":"<p class=\"excerpt\">El Ministerio del Ambiente (MAE), a trav\u00e9s de su proyecto Guayaquil Ecol\u00f3gico-Componente Estero Salado instal\u00f3 dos nuevas estaciones de oxigenaci\u00f3n forzada (superoxigenaci\u00f3n) en los ramales de los esteros \u201cMogoll\u00f3n\u201d (a la altura del puente de la E) y \u201cPuerto Lisa\u201d (en las calles Santa Elena y Francisco Segura). Ambas estaciones entraron en funcionamiento el pasado 28 de diciembre y tienen&hellip; <a href=\"https:\/\/www.ambienteyenergia.gob.ec\/ambiente\/con-la-instalacion-de-dos-nuevas-estaciones-se-completa-el-plan-de-oxigenacion-del-estero-salado\/\">Read more &rarr;<\/a><\/p>\n","protected":false},"author":13,"featured_media":8579,"comment_status":"open","ping_status":"open","sticky":false,"template":"","format":"standard","meta":{"footnotes":""},"categories":[16,4],"tags":[],"class_list":["post-8577","post","type-post","status-publish","format-standard","has-post-thumbnail","hentry","category-comunicamos","category-noticias","xfolkentry"],"_links":{"self":[{"href":"https:\/\/www.ambienteyenergia.gob.ec\/ambiente\/wp-json\/wp\/v2\/posts\/8577","targetHints":{"allow":["GET"]}}],"collection":[{"href":"https:\/\/www.ambienteyenergia.gob.ec\/ambiente\/wp-json\/wp\/v2\/posts"}],"about":[{"href":"https:\/\/www.ambienteyenergia.gob.ec\/ambiente\/wp-json\/wp\/v2\/types\/post"}],"author":[{"embeddable":true,"href":"https:\/\/www.ambienteyenergia.gob.ec\/ambiente\/wp-json\/wp\/v2\/users\/13"}],"replies":[{"embeddable":true,"href":"https:\/\/www.ambienteyenergia.gob.ec\/ambiente\/wp-json\/wp\/v2\/comments?post=8577"}],"version-history":[{"count":0,"href":"https:\/\/www.ambienteyenergia.gob.ec\/ambiente\/wp-json\/wp\/v2\/posts\/8577\/revisions"}],"wp:featuredmedia":[{"embeddable":true,"href":"https:\/\/www.ambienteyenergia.gob.ec\/ambiente\/wp-json\/wp\/v2\/media\/8579"}],"wp:attachment":[{"href":"https:\/\/www.ambienteyenergia.gob.ec\/ambiente\/wp-json\/wp\/v2\/media?parent=8577"}],"wp:term":[{"taxonomy":"category","embeddable":true,"href":"https:\/\/www.ambienteyenergia.gob.ec\/ambiente\/wp-json\/wp\/v2\/categories?post=8577"},{"taxonomy":"post_tag","embeddable":true,"href":"https:\/\/www.ambienteyenergia.gob.ec\/ambiente\/wp-json\/wp\/v2\/tags?post=8577"}],"curies":[{"name":"wp","href":"https:\/\/api.w.org\/{rel}","templated":true}]}}