{"id":8572,"date":"2013-01-10T17:53:04","date_gmt":"2013-01-10T22:53:04","guid":{"rendered":"http:\/\/www.ambiente.gob.ec\/?p=8572"},"modified":"2013-01-10T17:55:53","modified_gmt":"2013-01-10T22:55:53","slug":"500-familias-recibiran-tachos-recolectores-de-desechos-solidos-domesticos-en-estero-las-ranas","status":"publish","type":"post","link":"https:\/\/www.ambienteyenergia.gob.ec\/ambiente\/500-familias-recibiran-tachos-recolectores-de-desechos-solidos-domesticos-en-estero-las-ranas\/","title":{"rendered":"500 familias recibir\u00e1n tachos recolectores de desechos s\u00f3lidos dom\u00e9sticos en Estero \u201cLas Ranas\u201d"},"content":{"rendered":"<p style=\"text-align: justify;\" lang=\"es-ES\" align=\"JUSTIFY\"><span style=\"font-family: Arial,serif;\"><strong><\/strong><span style=\"font-size: small;\">El Ministerio del Ambiente <\/span><\/span><span style=\"font-family: Arial,serif;\"><span style=\"font-size: small;\">(MAE)<\/span><\/span><span style=\"font-family: Arial,serif;\"><span style=\"font-size: small;\"> a trav\u00e9s de su proyecto Guayaquil Ecol\u00f3gico &#8211; Componente Estero Salado, empez\u00f3 esta semana la entrega de 500 tachos para la recolecci\u00f3n de desechos s\u00f3lidos dom\u00e9sticos a los habitantes de las riberas del Estero \u201cLas Ranas\u201d que comprende al barrio Cristo del Consuelo y a las Cooperativas Eloy Alfaro, Assad Bucaram, Claveles II y Jaime Rold\u00f3s pertenecientes al sector de las Malvinas.<\/span><\/span><\/p>\n<p style=\"text-align: justify;\" lang=\"es-ES\" align=\"JUSTIFY\"><span style=\"font-family: Arial,serif;\"><span style=\"font-size: small;\">Se donar\u00e1 un tacho por vivienda y se beneficiar\u00e1n, en el transcurso de este mes, alrededor de 500 familias, las cuales fueron previamente visitadas durante 30 d\u00edas y concientizadas sobre los beneficios de mantener el Estero Salado limpio y el manejo adecuado de los desechos s\u00f3lidos producto de las actividades dom\u00e9sticas.<\/span><\/span><\/p>\n<p style=\"text-align: justify;\" lang=\"es-ES\" align=\"JUSTIFY\"><span style=\"font-family: Arial,serif;\"><span style=\"font-size: small;\">Esta iniciativa forma parte de la campa\u00f1a de concientizaci\u00f3n ambiental perteneciente a la Estrategia de intervenci\u00f3n zonal en el Estero Salado que entre otras acciones ha implementado la <\/span><\/span><span style=\"font-family: Arial,serif;\"><span style=\"font-size: small;\">instalaci\u00f3n y operaci\u00f3n de una estaci\u00f3n de superoxigenaci\u00f3n, a la altura de las calles Nicol\u00e1s Segovia y la G. Adem\u00e1s, se logr\u00f3 la restauraci\u00f3n de 700 metros de ribera con maquinaria pesada y se coloc\u00f3 una malla en el estero (en las calle Nicol\u00e1s Segovia y segundo callej\u00f3n H) para bloquear el ingreso de desechos s\u00f3lidos por efecto de la subida de la marea.<\/span><\/span><\/p>\n<p style=\"text-align: justify;\" lang=\"es-ES\" align=\"JUSTIFY\"><span style=\"font-family: Arial,serif;\"><span style=\"font-size: small;\">Se prev\u00e9 repartir paulatinamente un total de 2 500 recipientes recolectores a las comunidades aleda\u00f1as a otros ramales del Estero Salado en el sur y suroeste de la ciudad (Estero del Muerto, Mogoll\u00f3n, Palanqueado y Puerto Lisa).<\/span><\/span><\/p>\n","protected":false},"excerpt":{"rendered":"<p class=\"excerpt\">El Ministerio del Ambiente (MAE) a trav\u00e9s de su proyecto Guayaquil Ecol\u00f3gico &#8211; Componente Estero Salado, empez\u00f3 esta semana la entrega de 500 tachos para la recolecci\u00f3n de desechos s\u00f3lidos dom\u00e9sticos a los habitantes de las riberas del Estero \u201cLas Ranas\u201d que comprende al barrio Cristo del Consuelo y a las Cooperativas Eloy Alfaro, Assad Bucaram, Claveles II y Jaime&hellip; <a href=\"https:\/\/www.ambienteyenergia.gob.ec\/ambiente\/500-familias-recibiran-tachos-recolectores-de-desechos-solidos-domesticos-en-estero-las-ranas\/\">Read more &rarr;<\/a><\/p>\n","protected":false},"author":13,"featured_media":8575,"comment_status":"open","ping_status":"open","sticky":false,"template":"","format":"standard","meta":{"footnotes":""},"categories":[16,4],"tags":[],"class_list":["post-8572","post","type-post","status-publish","format-standard","has-post-thumbnail","hentry","category-comunicamos","category-noticias","xfolkentry"],"_links":{"self":[{"href":"https:\/\/www.ambienteyenergia.gob.ec\/ambiente\/wp-json\/wp\/v2\/posts\/8572","targetHints":{"allow":["GET"]}}],"collection":[{"href":"https:\/\/www.ambienteyenergia.gob.ec\/ambiente\/wp-json\/wp\/v2\/posts"}],"about":[{"href":"https:\/\/www.ambienteyenergia.gob.ec\/ambiente\/wp-json\/wp\/v2\/types\/post"}],"author":[{"embeddable":true,"href":"https:\/\/www.ambienteyenergia.gob.ec\/ambiente\/wp-json\/wp\/v2\/users\/13"}],"replies":[{"embeddable":true,"href":"https:\/\/www.ambienteyenergia.gob.ec\/ambiente\/wp-json\/wp\/v2\/comments?post=8572"}],"version-history":[{"count":0,"href":"https:\/\/www.ambienteyenergia.gob.ec\/ambiente\/wp-json\/wp\/v2\/posts\/8572\/revisions"}],"wp:featuredmedia":[{"embeddable":true,"href":"https:\/\/www.ambienteyenergia.gob.ec\/ambiente\/wp-json\/wp\/v2\/media\/8575"}],"wp:attachment":[{"href":"https:\/\/www.ambienteyenergia.gob.ec\/ambiente\/wp-json\/wp\/v2\/media?parent=8572"}],"wp:term":[{"taxonomy":"category","embeddable":true,"href":"https:\/\/www.ambienteyenergia.gob.ec\/ambiente\/wp-json\/wp\/v2\/categories?post=8572"},{"taxonomy":"post_tag","embeddable":true,"href":"https:\/\/www.ambienteyenergia.gob.ec\/ambiente\/wp-json\/wp\/v2\/tags?post=8572"}],"curies":[{"name":"wp","href":"https:\/\/api.w.org\/{rel}","templated":true}]}}