{"id":8564,"date":"2013-01-10T17:12:46","date_gmt":"2013-01-10T22:12:46","guid":{"rendered":"http:\/\/www.ambiente.gob.ec\/?p=8564"},"modified":"2013-01-11T08:37:51","modified_gmt":"2013-01-11T13:37:51","slug":"certificacion-ambiental-punto-verde-para-equisplast","status":"publish","type":"post","link":"https:\/\/www.ambienteyenergia.gob.ec\/ambiente\/certificacion-ambiental-punto-verde-para-equisplast\/","title":{"rendered":"Certificaci\u00f3n Ambiental Punto Verde para Equisplast"},"content":{"rendered":"<p style=\"text-align: justify;\">El Ministerio del Ambiente (MAE) realiz\u00f3 hoy (jueves) en Cuenca la entrega oficial de la Certificaci\u00f3n Ambiental Punto Verde a Equisplast. La empresa con sede en Cuenca trabaja en el cuidado del ambiente en procesos de secado de postes fabricados por pl\u00e1stico.<\/p>\n<p style=\"text-align: justify;\">Sus productos alcanzan el ahorro del 100% en la utilizaci\u00f3n de\u00a0polietileno lineal de baja densidad (<span style=\"font-family: Arial,sans-serif;\"><span style=\"font-size: medium;\">strech film)<\/span><\/span>.<\/p>\n<p style=\"text-align: justify;\">La Certificaci\u00f3n Ambiental Punto Verde naci\u00f3 como un incentivo por parte del MAE para alentar al sector p\u00fablico y privado a implementar buenas pr\u00e1cticas ambientales en sus procesos de productos y de servicios que generen un menor impacto ambiental en el planeta.<\/p>\n<p style=\"text-align: justify;\">Esta certificaci\u00f3n se otorga,\u00a0a diferentes empresas, despu\u00e9s de un estricto proceso de auditor\u00eda realizado por parte de expertos y los organismos evaluadores.<\/p>\n<p style=\"text-align: justify;\">Los incentivos demuestran que es factible actuar responsablemente con el entorno natural desde cualquier \u00e1mbito. Se trata de fortalecer el manejo sustentable y la utilizaci\u00f3n adecuada de los recursos de la naturaleza, porque debemos estar conscientes que no son renovables.<\/p>\n<p style=\"text-align: justify;\">De esta manera, Equisplast reitera su compromiso con la comunidad y su preocupaci\u00f3n en la mejora de procesos de producci\u00f3n para brindar productos de calidad con el menor impacto ambiental posible. Todo ello bajo el eje fundamental de las acciones de responsabilidad social.<\/p>\n","protected":false},"excerpt":{"rendered":"<p class=\"excerpt\">El Ministerio del Ambiente (MAE) realiz\u00f3 hoy (jueves) en Cuenca la entrega oficial de la Certificaci\u00f3n Ambiental Punto Verde a Equisplast. La empresa con sede en Cuenca trabaja en el cuidado del ambiente en procesos de secado de postes fabricados por pl\u00e1stico. Sus productos alcanzan el ahorro del 100% en la utilizaci\u00f3n de\u00a0polietileno lineal de baja densidad (strech film). La&hellip; <a href=\"https:\/\/www.ambienteyenergia.gob.ec\/ambiente\/certificacion-ambiental-punto-verde-para-equisplast\/\">Read more &rarr;<\/a><\/p>\n","protected":false},"author":13,"featured_media":8570,"comment_status":"open","ping_status":"open","sticky":false,"template":"","format":"standard","meta":{"footnotes":""},"categories":[16,4],"tags":[],"class_list":["post-8564","post","type-post","status-publish","format-standard","has-post-thumbnail","hentry","category-comunicamos","category-noticias","xfolkentry"],"_links":{"self":[{"href":"https:\/\/www.ambienteyenergia.gob.ec\/ambiente\/wp-json\/wp\/v2\/posts\/8564","targetHints":{"allow":["GET"]}}],"collection":[{"href":"https:\/\/www.ambienteyenergia.gob.ec\/ambiente\/wp-json\/wp\/v2\/posts"}],"about":[{"href":"https:\/\/www.ambienteyenergia.gob.ec\/ambiente\/wp-json\/wp\/v2\/types\/post"}],"author":[{"embeddable":true,"href":"https:\/\/www.ambienteyenergia.gob.ec\/ambiente\/wp-json\/wp\/v2\/users\/13"}],"replies":[{"embeddable":true,"href":"https:\/\/www.ambienteyenergia.gob.ec\/ambiente\/wp-json\/wp\/v2\/comments?post=8564"}],"version-history":[{"count":0,"href":"https:\/\/www.ambienteyenergia.gob.ec\/ambiente\/wp-json\/wp\/v2\/posts\/8564\/revisions"}],"wp:featuredmedia":[{"embeddable":true,"href":"https:\/\/www.ambienteyenergia.gob.ec\/ambiente\/wp-json\/wp\/v2\/media\/8570"}],"wp:attachment":[{"href":"https:\/\/www.ambienteyenergia.gob.ec\/ambiente\/wp-json\/wp\/v2\/media?parent=8564"}],"wp:term":[{"taxonomy":"category","embeddable":true,"href":"https:\/\/www.ambienteyenergia.gob.ec\/ambiente\/wp-json\/wp\/v2\/categories?post=8564"},{"taxonomy":"post_tag","embeddable":true,"href":"https:\/\/www.ambienteyenergia.gob.ec\/ambiente\/wp-json\/wp\/v2\/tags?post=8564"}],"curies":[{"name":"wp","href":"https:\/\/api.w.org\/{rel}","templated":true}]}}