{"id":8526,"date":"2013-01-09T13:47:58","date_gmt":"2013-01-09T18:47:58","guid":{"rendered":"http:\/\/www.ambiente.gob.ec\/?p=8526"},"modified":"2013-01-09T14:13:15","modified_gmt":"2013-01-09T19:13:15","slug":"mae-informa-en-torno-al-caso-de-desvio-de-fondos","status":"publish","type":"post","link":"https:\/\/www.ambienteyenergia.gob.ec\/ambiente\/mae-informa-en-torno-al-caso-de-desvio-de-fondos\/","title":{"rendered":"MAE informa en torno al caso de desv\u00edo de fondos"},"content":{"rendered":"<p>El Ministerio del Ambiente (MAE) informa que se han vinculado a los ciudadanos D. Guzm\u00e1n y W. P\u00e9rez al caso del desv\u00edo de fondos de \u00e9sta Cartera de Estado. Estos no son funcionarios ni proveedores de Ministerio del Ambiente.<\/p>\n<p>La Audiencia se realizar\u00e1 el d\u00eda viernes 11 de enero.<\/p>\n<p>En torno al caso no existen nuevos detenidos y se investiga la apropiaci\u00f3n il\u00edcita. En la instituci\u00f3n ambiental se redoblaron las seguridades y se incrementaron filtros en el manejo de dinero.<\/p>\n<p><strong>Cronolog\u00eda del caso de desv\u00edo de fondos<\/strong><\/p>\n<ul>\n<li>En mayo del 2012 se determin\u00f3 que exist\u00eda un desv\u00edo de fondos.<\/li>\n<li>El desv\u00edo alcanz\u00f3 los 7\u00b4600.798 d\u00f3lares.<\/li>\n<li>16 detenidos hasta el momento, cinco fueron funcionarios del Ministerio del Ambiente.<\/li>\n<li>El s\u00e1bado 6 de octubre de 2012, la polic\u00eda detuvo a Jos\u00e9 Franklin Ulloa en Guayaquil. No era ni empleado ni proveedor del MAE.<\/li>\n<li>Un total de 34 personas est\u00e1n pr\u00f3fugas.<\/li>\n<li>El Ministerio del Ambiente fue sujeto de una auditor\u00eda y ya existe un informe previo.<\/li>\n<\/ul>\n<p>Existen 16 detenidos, cinco fueron funcionarios del Departamento Financiero del Ministerio del Ambiente, los restantes no ten\u00edan nada que ver con esta Cartera de Estado, por lo que hablar de m\u00e1s servidores p\u00fablicos implicados es un error.<\/p>\n<p>Uno de los principales involucrados, que ya est\u00e1 detenido, es Crist\u00f3bal Rigoberto L\u00f3pez Viteri, quien se presume era una de las mentes detr\u00e1s del il\u00edcito. Era el supuesto encargado de recolectar el dinero que se depositaba en varias cuentas de personas ajenas al Ministerio del Ambiente.<\/p>\n<p>El 24 de mayo de 2012 se determin\u00f3 que exist\u00eda el desv\u00edo de fondos. Esa noche se realiz\u00f3 un operativo sorpresivo, en el que se captur\u00f3 a las cinco ex funcionarias del Ministerio del Ambiente.<\/p>\n<p>El delito que se investiga es apropiaci\u00f3n il\u00edcita. El Ministerio del Ambiente colabora con las autoridades para llegar a determinar a todos los responsables del hecho y que se los condene para que paguen da\u00f1os y perjuicios. Una investigaci\u00f3n de Contralor\u00eda determin\u00f3 que el desv\u00edo de fondos alcanza los 7\u00b4600.798 d\u00f3lares.<\/p>\n<p><strong>Etapa\u00a0 de Instrucci\u00f3n Fiscal<\/strong><\/p>\n<p>El caso est\u00e1 en etapa de Instrucci\u00f3n Fiscal y el Ministerio del Ambiente no descansar\u00e1 hasta dar con todos los responsables que dieron lugar al il\u00edcito denunciado e investigado.<\/p>\n<p>En caso de requerir informaci\u00f3n, el Ministerio del Ambiente est\u00e1 presto a facilitarla, siempre que los datos requeridos no interfieran con el proceso investigativo.<\/p>\n<p><strong>En cifras<\/strong><\/p>\n<ul>\n<li>16 personas detenidas en total.<\/li>\n<li>5 Eran funcionarios del Ministerio del Ambiente.<\/li>\n<li>1 Supuesto mentalizador\u00a0 (Crist\u00f3bal Rigoberto L\u00f3pez Viteri).<\/li>\n<li>10 Detenidos por transferencias.<\/li>\n<li>2 vinculados a Audiencia<\/li>\n<li>35 personas pr\u00f3fugas<\/li>\n<\/ul>\n<p>&nbsp;<\/p>\n","protected":false},"excerpt":{"rendered":"<p class=\"excerpt\">El Ministerio del Ambiente (MAE) informa que se han vinculado a los ciudadanos D. Guzm\u00e1n y W. P\u00e9rez al caso del desv\u00edo de fondos de \u00e9sta Cartera de Estado. Estos no son funcionarios ni proveedores de Ministerio del Ambiente. La Audiencia se realizar\u00e1 el d\u00eda viernes 11 de enero. En torno al caso no existen nuevos detenidos y se investiga&hellip; <a href=\"https:\/\/www.ambienteyenergia.gob.ec\/ambiente\/mae-informa-en-torno-al-caso-de-desvio-de-fondos\/\">Read more &rarr;<\/a><\/p>\n","protected":false},"author":13,"featured_media":8530,"comment_status":"open","ping_status":"open","sticky":false,"template":"","format":"standard","meta":{"footnotes":""},"categories":[16,4],"tags":[],"class_list":["post-8526","post","type-post","status-publish","format-standard","has-post-thumbnail","hentry","category-comunicamos","category-noticias","xfolkentry"],"_links":{"self":[{"href":"https:\/\/www.ambienteyenergia.gob.ec\/ambiente\/wp-json\/wp\/v2\/posts\/8526","targetHints":{"allow":["GET"]}}],"collection":[{"href":"https:\/\/www.ambienteyenergia.gob.ec\/ambiente\/wp-json\/wp\/v2\/posts"}],"about":[{"href":"https:\/\/www.ambienteyenergia.gob.ec\/ambiente\/wp-json\/wp\/v2\/types\/post"}],"author":[{"embeddable":true,"href":"https:\/\/www.ambienteyenergia.gob.ec\/ambiente\/wp-json\/wp\/v2\/users\/13"}],"replies":[{"embeddable":true,"href":"https:\/\/www.ambienteyenergia.gob.ec\/ambiente\/wp-json\/wp\/v2\/comments?post=8526"}],"version-history":[{"count":0,"href":"https:\/\/www.ambienteyenergia.gob.ec\/ambiente\/wp-json\/wp\/v2\/posts\/8526\/revisions"}],"wp:featuredmedia":[{"embeddable":true,"href":"https:\/\/www.ambienteyenergia.gob.ec\/ambiente\/wp-json\/wp\/v2\/media\/8530"}],"wp:attachment":[{"href":"https:\/\/www.ambienteyenergia.gob.ec\/ambiente\/wp-json\/wp\/v2\/media?parent=8526"}],"wp:term":[{"taxonomy":"category","embeddable":true,"href":"https:\/\/www.ambienteyenergia.gob.ec\/ambiente\/wp-json\/wp\/v2\/categories?post=8526"},{"taxonomy":"post_tag","embeddable":true,"href":"https:\/\/www.ambienteyenergia.gob.ec\/ambiente\/wp-json\/wp\/v2\/tags?post=8526"}],"curies":[{"name":"wp","href":"https:\/\/api.w.org\/{rel}","templated":true}]}}