{"id":8511,"date":"2013-01-08T09:33:39","date_gmt":"2013-01-08T14:33:39","guid":{"rendered":"http:\/\/www.ambiente.gob.ec\/?p=8511"},"modified":"2013-01-08T10:07:37","modified_gmt":"2013-01-08T15:07:37","slug":"una-parada-imprescindible-donde-se-podra-degustar-parte-de-la-gastronomia-ecuatoriana","status":"publish","type":"post","link":"https:\/\/www.ambienteyenergia.gob.ec\/ambiente\/una-parada-imprescindible-donde-se-podra-degustar-parte-de-la-gastronomia-ecuatoriana\/","title":{"rendered":"Una parada imprescindible donde se podr\u00e1 degustar parte de la gastronom\u00eda ecuatoriana"},"content":{"rendered":"<p style=\"text-align: justify;\">La pr\u00f3xima semana, en el Parque Nacional Cotopaxi, se realizar\u00e1 la inauguraci\u00f3n del Restaurante \u201cNuna Boliche\u201d, el cual presenta un modelo renovado tanto de administraci\u00f3n como de infraestructura. La idea de este tipo de gesti\u00f3n es mostrar la inserci\u00f3n y participaci\u00f3n de comunidades aleda\u00f1as, en el establecimiento; adem\u00e1s del rescate de productos aut\u00f3ctonos ecuatorianos.<\/p>\n<p style=\"text-align: justify;\">Las personas encargadas de la preparaci\u00f3n culinaria pertenecen a la Comunidad de \u201cSan Bartolom\u00e9 de Romerillo\u201d (colectividad m\u00e1s cercana al Boliche), las que han pasado por un proceso de selecci\u00f3n y capacitaci\u00f3n para atender de la mejor manera a los asistentes.<\/p>\n<p style=\"text-align: justify;\">El Restaurante tendr\u00e1 a disposici\u00f3n de su clientela un men\u00fa en el que se ofertar\u00e1n sopas, s\u00e1ndwiches, bebidas y postres; sobresaliendo algunos platos t\u00edpicos del pa\u00eds como el caldo de patas, el locro de queso y la crema de haba. \u00c9sta \u00faltima con un toque de originalidad: por su aroma y sabor (con infusi\u00f3n de menta), dejar\u00e1 admirados a los comensales.<\/p>\n<p style=\"text-align: justify;\">Igualmente, los platos estar\u00e1n elaborados con productos propios de Romerillo. Adem\u00e1s, \u201cNuna Boliche\u201d, brindar\u00e1 la opci\u00f3n de que los mismos puedan ser preparados para consumidores vegetarianos.<\/p>\n<p style=\"text-align: justify;\">Otro punto que cabe recalcar es el aprovechamiento de los desechos org\u00e1nicos, los que ser\u00e1n utilizados para la alimentaci\u00f3n de los animales de la zona y abono de las tierras.<\/p>\n<p style=\"text-align: justify;\">Por otro lado, la decoraci\u00f3n del Restaurante tambi\u00e9n es aut\u00f3ctona de la provincia de Cotopaxi, pues est\u00e1 compuesta por atractivas m\u00e1scaras de madera realizadas por la Organizaci\u00f3n de Artesanos de Tigua.<\/p>\n<p style=\"text-align: justify;\">El horario de servicio se estableci\u00f3 de acuerdo a los d\u00edas de mayor afluencia de gente; es decir, conjuntamente con el funcionamiento del Tren, se atender\u00e1 de mi\u00e9rcoles a domingo.<\/p>\n<p style=\"text-align: justify;\">Este es un proyecto de turismo comunitario que vale la pena visitarlo, valorarlo y replicarlo en otras \u00e1reas protegidas.<\/p>\n<p style=\"text-align: justify;\">Esperando contar con su apoyo en la difusi\u00f3n del evento, les agradecemos cordialmente.<\/p>\n<p style=\"text-align: justify;\"><strong>La foto<\/strong><\/p>\n<p style=\"text-align: justify;\"><a href=\"http:\/\/www.ambienteyenergia.gob.ec\/ambiente\/wp-content\/uploads\/2013\/01\/112.jpg\"><img loading=\"lazy\" decoding=\"async\" class=\"aligncenter size-full wp-image-8512\" title=\"\" src=\"http:\/\/www.ambienteyenergia.gob.ec\/ambiente\/wp-content\/uploads\/2013\/01\/112.jpg\" alt=\"\" width=\"650\" height=\"289\" srcset=\"https:\/\/www.ambienteyenergia.gob.ec\/ambiente\/wp-content\/uploads\/sites\/2\/2013\/01\/112.jpg 650w, https:\/\/www.ambienteyenergia.gob.ec\/ambiente\/wp-content\/uploads\/sites\/2\/2013\/01\/112-300x133.jpg 300w, https:\/\/www.ambienteyenergia.gob.ec\/ambiente\/wp-content\/uploads\/sites\/2\/2013\/01\/112-500x222.jpg 500w\" sizes=\"auto, (max-width: 650px) 100vw, 650px\" \/><\/a><\/p>\n","protected":false},"excerpt":{"rendered":"<p class=\"excerpt\">La pr\u00f3xima semana, en el Parque Nacional Cotopaxi, se realizar\u00e1 la inauguraci\u00f3n del Restaurante \u201cNuna Boliche\u201d, el cual presenta un modelo renovado tanto de administraci\u00f3n como de infraestructura. La idea de este tipo de gesti\u00f3n es mostrar la inserci\u00f3n y participaci\u00f3n de comunidades aleda\u00f1as, en el establecimiento; adem\u00e1s del rescate de productos aut\u00f3ctonos ecuatorianos. Las personas encargadas de la preparaci\u00f3n&hellip; <a href=\"https:\/\/www.ambienteyenergia.gob.ec\/ambiente\/una-parada-imprescindible-donde-se-podra-degustar-parte-de-la-gastronomia-ecuatoriana\/\">Read more &rarr;<\/a><\/p>\n","protected":false},"author":13,"featured_media":8518,"comment_status":"open","ping_status":"open","sticky":false,"template":"","format":"standard","meta":{"footnotes":""},"categories":[16,4],"tags":[],"class_list":["post-8511","post","type-post","status-publish","format-standard","has-post-thumbnail","hentry","category-comunicamos","category-noticias","xfolkentry"],"_links":{"self":[{"href":"https:\/\/www.ambienteyenergia.gob.ec\/ambiente\/wp-json\/wp\/v2\/posts\/8511","targetHints":{"allow":["GET"]}}],"collection":[{"href":"https:\/\/www.ambienteyenergia.gob.ec\/ambiente\/wp-json\/wp\/v2\/posts"}],"about":[{"href":"https:\/\/www.ambienteyenergia.gob.ec\/ambiente\/wp-json\/wp\/v2\/types\/post"}],"author":[{"embeddable":true,"href":"https:\/\/www.ambienteyenergia.gob.ec\/ambiente\/wp-json\/wp\/v2\/users\/13"}],"replies":[{"embeddable":true,"href":"https:\/\/www.ambienteyenergia.gob.ec\/ambiente\/wp-json\/wp\/v2\/comments?post=8511"}],"version-history":[{"count":0,"href":"https:\/\/www.ambienteyenergia.gob.ec\/ambiente\/wp-json\/wp\/v2\/posts\/8511\/revisions"}],"wp:featuredmedia":[{"embeddable":true,"href":"https:\/\/www.ambienteyenergia.gob.ec\/ambiente\/wp-json\/wp\/v2\/media\/8518"}],"wp:attachment":[{"href":"https:\/\/www.ambienteyenergia.gob.ec\/ambiente\/wp-json\/wp\/v2\/media?parent=8511"}],"wp:term":[{"taxonomy":"category","embeddable":true,"href":"https:\/\/www.ambienteyenergia.gob.ec\/ambiente\/wp-json\/wp\/v2\/categories?post=8511"},{"taxonomy":"post_tag","embeddable":true,"href":"https:\/\/www.ambienteyenergia.gob.ec\/ambiente\/wp-json\/wp\/v2\/tags?post=8511"}],"curies":[{"name":"wp","href":"https:\/\/api.w.org\/{rel}","templated":true}]}}