{"id":8499,"date":"2013-01-07T13:24:51","date_gmt":"2013-01-07T18:24:51","guid":{"rendered":"http:\/\/www.ambiente.gob.ec\/?p=8499"},"modified":"2013-01-09T11:33:19","modified_gmt":"2013-01-09T16:33:19","slug":"20-mil-hectareas-se-restauraran-con-socio-bosque","status":"publish","type":"post","link":"https:\/\/www.ambienteyenergia.gob.ec\/ambiente\/20-mil-hectareas-se-restauraran-con-socio-bosque\/","title":{"rendered":"20 mil hect\u00e1reas se restaurar\u00e1n con Socio Bosque"},"content":{"rendered":"<p style=\"text-align: justify;\">20 mil hect\u00e1reas de bosques y p\u00e1ramos nativos es el objetivo de restauraci\u00f3n del Programa Socio Bosque del Ministerio del Ambiente en el 2013. As\u00ed lo anunci\u00f3 el titular de esta iniciativa ambiental, Eco. Max Lascano.<\/p>\n<p style=\"text-align: justify;\">\u00abNecesitamos recuperar espacios que se estan perdiendo. Hay muchas \u00e1reas que por su estado de interveci\u00f3n humana no pod\u00edan entrar a Socio Bosque\u00bb, explica el Gerente Lascano.<\/p>\n<p style=\"text-align: justify;\">El nuevo capitulo de restauraci\u00f3n ecol\u00f3gica busca que las zonas de bosque y p\u00e1ramo que estan en proceso de degradaci\u00f3n y posiblemente deforestadas se recuperen.<\/p>\n<p style=\"text-align: justify;\">Los espacios nativos postulantes deber\u00e1n aprobar un an\u00e1lisis t\u00e9cnico para ser recuperados a trav\u00e9s de un proceso de suseci\u00f3n ecol\u00f3gica. Esto quiere decir que los bosques y p\u00e1ramos se recuperar\u00e1n sin intervenci\u00f3n humana.<\/p>\n<p style=\"text-align: justify;\">El Programa Socio Bosque, a trav\u00e9s del estudio de Mapa de Deforestaci\u00f3n Hist\u00f3rico del Ecuador, registr\u00f3 \u00e1reas potenciales que pueden ser recuperadas en todo el pa\u00eds. Segun el an\u00e1lisis, cerca de 400 mil hect\u00e1reas podr\u00edan ser reforestadas o restauradas.<\/p>\n<p style=\"text-align: justify;\">En el cap\u00edtulo conservaci\u00f3n, el Programa Socio Bosque tiene como objetivo conservar 4 millones de hect\u00e1reas en todo el p\u00e1is.<\/p>\n<p style=\"text-align: justify;\">Dentro de los principales ejes de gesti\u00f3n de la iniciativa son el mejoramiento de la calidad de vida de los ciudadanos y el mantenimiento de los servicios ambientales que existen en los ecosistemas nativos.<\/p>\n<p style=\"text-align: justify;\"><strong>M\u00e1s noticias<\/strong><\/p>\n<p style=\"text-align: justify;\"><a href=\"http:\/\/www.ambienteyenergia.gob.ec\/ambiente\/gerente-de-socio-bosque-destaca-logros-en-el-pais\/\" target=\"_blank\">&#8211; Gerente de Socio Bosque destaca logros en el pa\u00eds<\/a><\/p>\n<p style=\"text-align: justify;\"><a href=\"http:\/\/www.ambienteyenergia.gob.ec\/ambiente\/socio-bosque-impulsara-incentivos-de-restauracion\/\" target=\"_blank\">&#8211; Socio Bosque impulsar\u00e1 incentivos de restauraci\u00f3n<\/a><\/p>\n<p style=\"text-align: justify;\"><a href=\"http:\/\/www.ambienteyenergia.gob.ec\/ambiente\/socio-bosque-impulsara-incentivos-de-restauracion-ecologica-en-2013\/\" target=\"_blank\">&#8211; Socio Bosque impulsar\u00e1 incentivos de restauraci\u00f3n ecol\u00f3gica en 2013<\/a><\/p>\n","protected":false},"excerpt":{"rendered":"<p class=\"excerpt\">20 mil hect\u00e1reas de bosques y p\u00e1ramos nativos es el objetivo de restauraci\u00f3n del Programa Socio Bosque del Ministerio del Ambiente en el 2013. As\u00ed lo anunci\u00f3 el titular de esta iniciativa ambiental, Eco. Max Lascano. \u00abNecesitamos recuperar espacios que se estan perdiendo. Hay muchas \u00e1reas que por su estado de interveci\u00f3n humana no pod\u00edan entrar a Socio Bosque\u00bb, explica&hellip; <a href=\"https:\/\/www.ambienteyenergia.gob.ec\/ambiente\/20-mil-hectareas-se-restauraran-con-socio-bosque\/\">Read more &rarr;<\/a><\/p>\n","protected":false},"author":13,"featured_media":8501,"comment_status":"open","ping_status":"open","sticky":false,"template":"","format":"standard","meta":{"footnotes":""},"categories":[16,4],"tags":[],"class_list":["post-8499","post","type-post","status-publish","format-standard","has-post-thumbnail","hentry","category-comunicamos","category-noticias","xfolkentry"],"_links":{"self":[{"href":"https:\/\/www.ambienteyenergia.gob.ec\/ambiente\/wp-json\/wp\/v2\/posts\/8499","targetHints":{"allow":["GET"]}}],"collection":[{"href":"https:\/\/www.ambienteyenergia.gob.ec\/ambiente\/wp-json\/wp\/v2\/posts"}],"about":[{"href":"https:\/\/www.ambienteyenergia.gob.ec\/ambiente\/wp-json\/wp\/v2\/types\/post"}],"author":[{"embeddable":true,"href":"https:\/\/www.ambienteyenergia.gob.ec\/ambiente\/wp-json\/wp\/v2\/users\/13"}],"replies":[{"embeddable":true,"href":"https:\/\/www.ambienteyenergia.gob.ec\/ambiente\/wp-json\/wp\/v2\/comments?post=8499"}],"version-history":[{"count":0,"href":"https:\/\/www.ambienteyenergia.gob.ec\/ambiente\/wp-json\/wp\/v2\/posts\/8499\/revisions"}],"wp:featuredmedia":[{"embeddable":true,"href":"https:\/\/www.ambienteyenergia.gob.ec\/ambiente\/wp-json\/wp\/v2\/media\/8501"}],"wp:attachment":[{"href":"https:\/\/www.ambienteyenergia.gob.ec\/ambiente\/wp-json\/wp\/v2\/media?parent=8499"}],"wp:term":[{"taxonomy":"category","embeddable":true,"href":"https:\/\/www.ambienteyenergia.gob.ec\/ambiente\/wp-json\/wp\/v2\/categories?post=8499"},{"taxonomy":"post_tag","embeddable":true,"href":"https:\/\/www.ambienteyenergia.gob.ec\/ambiente\/wp-json\/wp\/v2\/tags?post=8499"}],"curies":[{"name":"wp","href":"https:\/\/api.w.org\/{rel}","templated":true}]}}