{"id":8483,"date":"2013-01-06T08:53:04","date_gmt":"2013-01-06T13:53:04","guid":{"rendered":"http:\/\/www.ambiente.gob.ec\/?p=8483"},"modified":"2013-01-08T10:04:13","modified_gmt":"2013-01-08T15:04:13","slug":"mae-impulsa-politica-de-reciclaje-de-celulares-en-ecuador","status":"publish","type":"post","link":"https:\/\/www.ambienteyenergia.gob.ec\/ambiente\/mae-impulsa-politica-de-reciclaje-de-celulares-en-ecuador\/","title":{"rendered":"MAE impulsa pol\u00edtica de reciclaje de celulares en Ecuador"},"content":{"rendered":"<p style=\"text-align: justify;\">En el marco de la Responsabilidad Ambiental Extendida, el Ministerio del Ambiente (MAE), a trav\u00e9s del Programa Nacional de Desechos S\u00f3lidos (PNGIDS), trabaj\u00f3 en conjunto con el Comit\u00e9 de Comercio Exterior (COMEX), representantes de las empresas telef\u00f3nicas (Conecel, Telef\u00f3nica, CNT) y recicladores de equipos celulares (Intercia, Comexport, Vermonde), con el objeto de establecer los lineamientos y expedir la Pol\u00edtica Nacional de Post-Consumo de Equipos Celulares en Desuso.<\/p>\n<p style=\"text-align: justify;\">A partir del 2003 hasta el 2012 se importaron 26 millones de celulares, de los cuales 16 millones se encuentran operantes y 9 millones est\u00e1n en desuso. Conforme a la informaci\u00f3n reportada por las empresas de telefon\u00eda m\u00f3vil anualmente se desechan 2 millones de equipos celulares, sean estos por cambio de tecnolog\u00eda o si son arrojados como desperdicio e incluso como juguete de los m\u00e1s peque\u00f1os del hogar. Como resultado, a finales del 2012 en el pa\u00eds tenemos cerca de 11 millones de tel\u00e9fonos en desuso.<\/p>\n<p style=\"text-align: justify;\">El Ing. Fabi\u00e1n Espinoza, gerente del Programa de Desechos S\u00f3lidos del Ministerio del Ambiente, se\u00f1al\u00f3 que la Pol\u00edtica Nacional de Post-Consumo de tel\u00e9fonos celulares en desuso no proh\u00edbe la importaci\u00f3n de tel\u00e9fonos celulares, regula el incremento del cupo a medida que los fabricantes e importadores recuperen los tel\u00e9fonos que se encuentren fuera de circulaci\u00f3n. \u201cEsta esta Pol\u00edtica entra en vigencia a partir del mes de enero del presente a\u00f1o\u201d.<\/p>\n<p style=\"text-align: justify;\">La tasa de recolecci\u00f3n de equipos celulares propuesta por el Ministerio de Ambiente en coordinaci\u00f3n con la Secretar\u00eda T\u00e9cnica del COMEX es de 2,5 tel\u00e9fonos celulares en desuso por 1 tel\u00e9fono celular nuevo de importaci\u00f3n.<\/p>\n<p style=\"text-align: justify;\">El objetivo fundamental de la Pol\u00edtica Nacional de Post-Consumo de Equipos Celulares es fomentar en los importadores el principio de responsabilidad extendida, con el prop\u00f3sito de reducir el impacto ambiental.<\/p>\n<p style=\"text-align: justify;\">El Ministerio del Ambiente est\u00e1 impulsando el Reciclaje con la finalidad de recuperar los residuos s\u00f3lidos urbanos (papel, PET, vidrio, cart\u00f3n, electr\u00f3nicos, etc.) para reintegrarlos al ciclo econ\u00f3mico, es decir reutilizarlos como materia prima para la elaboraci\u00f3n de nuevos productos.<\/p>\n<p style=\"text-align: justify;\"><strong>Descarga:<\/strong><\/p>\n<p style=\"text-align: justify;\"><a href=\"http:\/\/www.ambienteyenergia.gob.ec\/ambiente\/wp-content\/uploads\/downloads\/2013\/01\/Acuerdo-Ministerial-190-Pol%C3%ADtica-Nacional-de-Post-Consumo-de-Equipos-El%C3%A9ctricos-y-Electr%C3%B3nicos.pdf\" target=\"_blank\">&#8211; Acuerdo Ministerial 190 &#8211; Pol\u00edtica Nacional de Post-Consumo de Equipos El\u00e9ctricos y Electr\u00f3nicos<\/a><\/p>\n<p style=\"text-align: justify;\"><a href=\"http:\/\/www.ambienteyenergia.gob.ec\/ambiente\/wp-content\/uploads\/downloads\/2013\/01\/Acuerdo-Ministerial-191-Instructivo-para-reciclaje-de-celulares.pdf\" target=\"_blank\">&#8211; Acuerdo Ministerial 191 &#8211; Instructivo para reciclaje de celulares<\/a><\/p>\n<p style=\"text-align: justify;\"><strong>M\u00e1s noticias<\/strong><\/p>\n<p style=\"text-align: justify;\"><a href=\"http:\/\/www.ambienteyenergia.gob.ec\/ambiente\/politica-de-equipos-celulares-en-desuso-en-marcha\/\" target=\"_blank\">&#8211; Pol\u00edtica de equipos celulares en desuso en marcha<\/a><\/p>\n<p style=\"text-align: justify;\"><a href=\"http:\/\/www.ambienteyenergia.gob.ec\/ambiente\/mae-socializa-proyectos-normativos-para-celulares-en-desuso\/\" target=\"_blank\">&#8211; MAE socializa proyectos normativos para celulares en desuso<\/a><\/p>\n","protected":false},"excerpt":{"rendered":"<p class=\"excerpt\">En el marco de la Responsabilidad Ambiental Extendida, el Ministerio del Ambiente (MAE), a trav\u00e9s del Programa Nacional de Desechos S\u00f3lidos (PNGIDS), trabaj\u00f3 en conjunto con el Comit\u00e9 de Comercio Exterior (COMEX), representantes de las empresas telef\u00f3nicas (Conecel, Telef\u00f3nica, CNT) y recicladores de equipos celulares (Intercia, Comexport, Vermonde), con el objeto de establecer los lineamientos y expedir la Pol\u00edtica Nacional&hellip; <a href=\"https:\/\/www.ambienteyenergia.gob.ec\/ambiente\/mae-impulsa-politica-de-reciclaje-de-celulares-en-ecuador\/\">Read more &rarr;<\/a><\/p>\n","protected":false},"author":13,"featured_media":0,"comment_status":"open","ping_status":"open","sticky":false,"template":"","format":"standard","meta":{"footnotes":""},"categories":[16,4],"tags":[],"class_list":["post-8483","post","type-post","status-publish","format-standard","hentry","category-comunicamos","category-noticias","xfolkentry"],"_links":{"self":[{"href":"https:\/\/www.ambienteyenergia.gob.ec\/ambiente\/wp-json\/wp\/v2\/posts\/8483","targetHints":{"allow":["GET"]}}],"collection":[{"href":"https:\/\/www.ambienteyenergia.gob.ec\/ambiente\/wp-json\/wp\/v2\/posts"}],"about":[{"href":"https:\/\/www.ambienteyenergia.gob.ec\/ambiente\/wp-json\/wp\/v2\/types\/post"}],"author":[{"embeddable":true,"href":"https:\/\/www.ambienteyenergia.gob.ec\/ambiente\/wp-json\/wp\/v2\/users\/13"}],"replies":[{"embeddable":true,"href":"https:\/\/www.ambienteyenergia.gob.ec\/ambiente\/wp-json\/wp\/v2\/comments?post=8483"}],"version-history":[{"count":0,"href":"https:\/\/www.ambienteyenergia.gob.ec\/ambiente\/wp-json\/wp\/v2\/posts\/8483\/revisions"}],"wp:attachment":[{"href":"https:\/\/www.ambienteyenergia.gob.ec\/ambiente\/wp-json\/wp\/v2\/media?parent=8483"}],"wp:term":[{"taxonomy":"category","embeddable":true,"href":"https:\/\/www.ambienteyenergia.gob.ec\/ambiente\/wp-json\/wp\/v2\/categories?post=8483"},{"taxonomy":"post_tag","embeddable":true,"href":"https:\/\/www.ambienteyenergia.gob.ec\/ambiente\/wp-json\/wp\/v2\/tags?post=8483"}],"curies":[{"name":"wp","href":"https:\/\/api.w.org\/{rel}","templated":true}]}}