{"id":8465,"date":"2013-01-02T12:21:51","date_gmt":"2013-01-02T17:21:51","guid":{"rendered":"http:\/\/www.ambiente.gob.ec\/?p=8465"},"modified":"2013-01-04T12:29:00","modified_gmt":"2013-01-04T17:29:00","slug":"dpng-permanece-vigilante-de-la-audiencia-de-juzgamiento-de-dirk-bender","status":"publish","type":"post","link":"https:\/\/www.ambienteyenergia.gob.ec\/ambiente\/dpng-permanece-vigilante-de-la-audiencia-de-juzgamiento-de-dirk-bender\/","title":{"rendered":"DPNG permanece vigilante de la audiencia de juzgamiento de Dirk Bender"},"content":{"rendered":"<p style=\"text-align: justify;\"><em>La autoridad ambiental espera que el Tribunal Primero de Garant\u00edas Penales de Gal\u00e1pagos siente precedentes en materia de los derechos de la naturaleza<\/em><\/p>\n<p>La Direcci\u00f3n del Parque Nacional Gal\u00e1pagos (DPNG) permanece atenta y vigilante de la audiencia de juzgamiento, que se desarrollar\u00e1 a las 09:30 del viernes cuatro de enero en el Tribunal Primero de Garant\u00edas Penales de Gal\u00e1pagos, en Puerto Ayora, isla Santa Cruz, en contra del ciudadano alem\u00e1n Dirk Bender.<\/p>\n<p>La DPNG recuerda que Bender fue detenido el pasado 8 de julio en el aeropuerto de Seymour, despu\u00e9s de que una revisi\u00f3n de su equipaje permiti\u00f3 descubrir cuatro iguanas (Conolophus subcristatus) en el interior de fundas de tela, para ser trasladadas a la parte continental.<\/p>\n<p>Debido al tiempo transcurrido, la autoridad ambiental espera que la audiencia\u00a0 se realice sin contratiempos, pues el detenido\u00a0 est\u00e1 por cumplir el tiempo permitido para su detenci\u00f3n sin haber sido sentenciado, por lo que en caso de contratiempos \u00e9l podr\u00eda quedar en libertad.<\/p>\n<p>Este caso es de gran importancia para la autoridad ambiental, por ser esta la\u00a0 primera vez que en Gal\u00e1pagos se emitir\u00eda una sentencia por un delito ambiental; as\u00ed como la primera vez que se juzgar\u00eda a un ciudadano extranjero por este delito, que atenta contra los derechos de la naturaleza, consagrados en la Constituci\u00f3n de la Rep\u00fablica.<\/p>\n<p>La DPNG, organizaciones defensoras del medio ambiente y los ciudadanos de Gal\u00e1pagos han permanecido atentos al desarrollo de este proceso judicial, desde su inicio y en cada una de las etapas.<\/p>\n","protected":false},"excerpt":{"rendered":"<p class=\"excerpt\">La autoridad ambiental espera que el Tribunal Primero de Garant\u00edas Penales de Gal\u00e1pagos siente precedentes en materia de los derechos de la naturaleza La Direcci\u00f3n del Parque Nacional Gal\u00e1pagos (DPNG) permanece atenta y vigilante de la audiencia de juzgamiento, que se desarrollar\u00e1 a las 09:30 del viernes cuatro de enero en el Tribunal Primero de Garant\u00edas Penales de Gal\u00e1pagos, en&hellip; <a href=\"https:\/\/www.ambienteyenergia.gob.ec\/ambiente\/dpng-permanece-vigilante-de-la-audiencia-de-juzgamiento-de-dirk-bender\/\">Read more &rarr;<\/a><\/p>\n","protected":false},"author":13,"featured_media":8466,"comment_status":"open","ping_status":"open","sticky":false,"template":"","format":"standard","meta":{"footnotes":""},"categories":[16,4],"tags":[],"class_list":["post-8465","post","type-post","status-publish","format-standard","has-post-thumbnail","hentry","category-comunicamos","category-noticias","xfolkentry"],"_links":{"self":[{"href":"https:\/\/www.ambienteyenergia.gob.ec\/ambiente\/wp-json\/wp\/v2\/posts\/8465","targetHints":{"allow":["GET"]}}],"collection":[{"href":"https:\/\/www.ambienteyenergia.gob.ec\/ambiente\/wp-json\/wp\/v2\/posts"}],"about":[{"href":"https:\/\/www.ambienteyenergia.gob.ec\/ambiente\/wp-json\/wp\/v2\/types\/post"}],"author":[{"embeddable":true,"href":"https:\/\/www.ambienteyenergia.gob.ec\/ambiente\/wp-json\/wp\/v2\/users\/13"}],"replies":[{"embeddable":true,"href":"https:\/\/www.ambienteyenergia.gob.ec\/ambiente\/wp-json\/wp\/v2\/comments?post=8465"}],"version-history":[{"count":0,"href":"https:\/\/www.ambienteyenergia.gob.ec\/ambiente\/wp-json\/wp\/v2\/posts\/8465\/revisions"}],"wp:featuredmedia":[{"embeddable":true,"href":"https:\/\/www.ambienteyenergia.gob.ec\/ambiente\/wp-json\/wp\/v2\/media\/8466"}],"wp:attachment":[{"href":"https:\/\/www.ambienteyenergia.gob.ec\/ambiente\/wp-json\/wp\/v2\/media?parent=8465"}],"wp:term":[{"taxonomy":"category","embeddable":true,"href":"https:\/\/www.ambienteyenergia.gob.ec\/ambiente\/wp-json\/wp\/v2\/categories?post=8465"},{"taxonomy":"post_tag","embeddable":true,"href":"https:\/\/www.ambienteyenergia.gob.ec\/ambiente\/wp-json\/wp\/v2\/tags?post=8465"}],"curies":[{"name":"wp","href":"https:\/\/api.w.org\/{rel}","templated":true}]}}