{"id":8462,"date":"2013-01-04T11:44:05","date_gmt":"2013-01-04T16:44:05","guid":{"rendered":"http:\/\/www.ambiente.gob.ec\/?p=8462"},"modified":"2013-01-04T12:36:47","modified_gmt":"2013-01-04T17:36:47","slug":"comunidades-de-loja-reciben-reservorios-como-medidas-de-adaptacion-al-cambio-climatico","status":"publish","type":"post","link":"https:\/\/www.ambienteyenergia.gob.ec\/ambiente\/comunidades-de-loja-reciben-reservorios-como-medidas-de-adaptacion-al-cambio-climatico\/","title":{"rendered":"Comunidades de Loja reciben reservorios como medidas de adaptaci\u00f3n al Cambio Clim\u00e1tico"},"content":{"rendered":"<p style=\"text-align: justify;\">La efectiva coordinaci\u00f3n del Ministerio del Ambiente, a trav\u00e9s de la Subsecretar\u00eda de Cambio Clim\u00e1tico y el Gobierno Aut\u00f3nomo Decentralizado de Loja, han hecho posible que varias comunidades de la parroquia Malacatos, provincia de Loja, cuenten actualmente con reservorios de agua y sistemas de riego efectivos para los peque\u00f1os agricultores.<\/p>\n<p style=\"text-align: justify;\">El Proyecto de Adaptaci\u00f3n al Cambio Clim\u00e1tico a trav\u00e9s de una Efectiva Gobernabilidad del Agua en el Ecuador (PACC), es uno de los proyectos de la Subsecretar\u00eda de Cambio Clim\u00e1tico, el mismo que tiene como principal objetivo fomentar la reducci\u00f3n de la vulnerabilidad del Ecuador frente al cambio clim\u00e1tico y su afectaci\u00f3n a los recursos h\u00eddricos, interviniendo en las seis cuencas hidrogr\u00e1ficas m\u00e1s importantes del pa\u00eds.<\/p>\n<p style=\"text-align: justify;\">Mediante un convenio con el Gobierno Provincial de Loja, como ejecutor local, se ha logrado la construcci\u00f3n de cuatro reservorios y tres sistemas de riego parcelario, iniciativa que permitir\u00e1 mejorar la calidad de vida y los sistemas productivos de los moradores, cuya actividad productiva principal es la agricultura de subsistencia.<\/p>\n<p style=\"text-align: justify;\">Los beneficiarios de este proyecto son los pobladores de los barrios San Francisco Alto y Santo Domingo Bajo de la parroquia Malacatos, sector Yunanga, provincia de Loja; quienes se abastecen de agua de la cuenca Catamayo \u2013 Chira.<\/p>\n<p style=\"text-align: justify;\">Carola Borja, Subsecretaria de Cambio Clim\u00e1tico, junto con Rub\u00e9n Bustamante, Prefecto de la Provincia de Loja, visitaron las comunidades beneficiarias del sector Yunanga, entregaron la infraestructura y expresaron su compromiso para continuar efectivizando acciones que favorecen a las poblaciones vulnerables afectadas por la escasez de agua en el sector.<\/p>\n<p style=\"text-align: justify;\"><strong>La foto<\/strong><\/p>\n<p style=\"text-align: justify;\"><a href=\"http:\/\/www.ambienteyenergia.gob.ec\/ambiente\/wp-content\/uploads\/2013\/01\/po.jpg\"><img loading=\"lazy\" decoding=\"async\" class=\"aligncenter size-full wp-image-8470\" title=\"\" src=\"http:\/\/www.ambienteyenergia.gob.ec\/ambiente\/wp-content\/uploads\/2013\/01\/po.jpg\" alt=\"\" width=\"650\" height=\"433\" srcset=\"https:\/\/www.ambienteyenergia.gob.ec\/ambiente\/wp-content\/uploads\/sites\/2\/2013\/01\/po.jpg 650w, https:\/\/www.ambienteyenergia.gob.ec\/ambiente\/wp-content\/uploads\/sites\/2\/2013\/01\/po-300x199.jpg 300w, https:\/\/www.ambienteyenergia.gob.ec\/ambiente\/wp-content\/uploads\/sites\/2\/2013\/01\/po-450x300.jpg 450w\" sizes=\"auto, (max-width: 650px) 100vw, 650px\" \/><\/a><\/p>\n","protected":false},"excerpt":{"rendered":"<p class=\"excerpt\">La efectiva coordinaci\u00f3n del Ministerio del Ambiente, a trav\u00e9s de la Subsecretar\u00eda de Cambio Clim\u00e1tico y el Gobierno Aut\u00f3nomo Decentralizado de Loja, han hecho posible que varias comunidades de la parroquia Malacatos, provincia de Loja, cuenten actualmente con reservorios de agua y sistemas de riego efectivos para los peque\u00f1os agricultores. El Proyecto de Adaptaci\u00f3n al Cambio Clim\u00e1tico a trav\u00e9s de&hellip; <a href=\"https:\/\/www.ambienteyenergia.gob.ec\/ambiente\/comunidades-de-loja-reciben-reservorios-como-medidas-de-adaptacion-al-cambio-climatico\/\">Read more &rarr;<\/a><\/p>\n","protected":false},"author":13,"featured_media":8469,"comment_status":"open","ping_status":"open","sticky":false,"template":"","format":"standard","meta":{"footnotes":""},"categories":[16,4],"tags":[],"class_list":["post-8462","post","type-post","status-publish","format-standard","has-post-thumbnail","hentry","category-comunicamos","category-noticias","xfolkentry"],"_links":{"self":[{"href":"https:\/\/www.ambienteyenergia.gob.ec\/ambiente\/wp-json\/wp\/v2\/posts\/8462","targetHints":{"allow":["GET"]}}],"collection":[{"href":"https:\/\/www.ambienteyenergia.gob.ec\/ambiente\/wp-json\/wp\/v2\/posts"}],"about":[{"href":"https:\/\/www.ambienteyenergia.gob.ec\/ambiente\/wp-json\/wp\/v2\/types\/post"}],"author":[{"embeddable":true,"href":"https:\/\/www.ambienteyenergia.gob.ec\/ambiente\/wp-json\/wp\/v2\/users\/13"}],"replies":[{"embeddable":true,"href":"https:\/\/www.ambienteyenergia.gob.ec\/ambiente\/wp-json\/wp\/v2\/comments?post=8462"}],"version-history":[{"count":0,"href":"https:\/\/www.ambienteyenergia.gob.ec\/ambiente\/wp-json\/wp\/v2\/posts\/8462\/revisions"}],"wp:featuredmedia":[{"embeddable":true,"href":"https:\/\/www.ambienteyenergia.gob.ec\/ambiente\/wp-json\/wp\/v2\/media\/8469"}],"wp:attachment":[{"href":"https:\/\/www.ambienteyenergia.gob.ec\/ambiente\/wp-json\/wp\/v2\/media?parent=8462"}],"wp:term":[{"taxonomy":"category","embeddable":true,"href":"https:\/\/www.ambienteyenergia.gob.ec\/ambiente\/wp-json\/wp\/v2\/categories?post=8462"},{"taxonomy":"post_tag","embeddable":true,"href":"https:\/\/www.ambienteyenergia.gob.ec\/ambiente\/wp-json\/wp\/v2\/tags?post=8462"}],"curies":[{"name":"wp","href":"https:\/\/api.w.org\/{rel}","templated":true}]}}